{"id":4608,"date":"2016-05-22T22:21:06","date_gmt":"2016-05-23T01:21:06","guid":{"rendered":"https:\/\/eldiariodesanpedro.com.ar\/sitio\/?p=4608"},"modified":"2016-05-22T22:21:06","modified_gmt":"2016-05-23T01:21:06","slug":"jornadas-de-capacitacion-para-empleados-municipales","status":"publish","type":"post","link":"https:\/\/eldiariodesanpedro.com.ar\/sitio\/jornadas-de-capacitacion-para-empleados-municipales\/","title":{"rendered":"Jornadas de capacitaci\u00f3n para empleados municipales"},"content":{"rendered":"<p><!-- VideographyWP Plugin Message: Automatic video embedding prevented by plugin options. --><br \/>\nLa Municipalidad de San Pedro inform\u00f3 que el s\u00e1bado 21 de mayo, en el Sal\u00f3n Dorado Municipal, de 9.00 a 17.00, se llevaron a cabo las jornadas de capacitaci\u00f3n dirigidas al personal del Servicio de Guardia General (m\u00e9dicos, enfermeras, telefonistas).<br \/>\nFueron invitados los diferentes jefes de servicios, con el fin de exponer las normativas de funcionamiento de las guardias, que articular\u00e1n funciones con el servicio de Unidad de Terapia Intensiva, en la asistencia de pacientes con patolog\u00eda de urgencia y emergencia.<br \/>\nAdem\u00e1s, se iniciaron las jornadas bajando los protocolos de actuaci\u00f3n en cada patolog\u00eda, con la meta de aunar conceptos que permitan trabajar coordinadamente en cada intervenci\u00f3n.<br \/>\nSe espera que se desarrollen jornadas similares a lo largo de este a\u00f1o, las cuales ser\u00e1n brindadas por diferentes profesionales del Hospital, como tambi\u00e9n por invitados de otros nosocomios de mayor complejidad.<\/p>\n","protected":false},"excerpt":{"rendered":"<p>La Municipalidad de San Pedro inform\u00f3 que el s\u00e1bado 21 de mayo, en el Sal\u00f3n Dorado Municipal, de 9.00 a 17.00, se llevaron a cabo las jornadas de capacitaci\u00f3n dirigidas al personal del Servicio de Guardia General (m\u00e9dicos, enfermeras, telefonistas). Fueron invitados los diferentes jefes de servicios, con el fin de exponer las normativas de [&hellip;]<\/p>\n","protected":false},"author":4,"featured_media":4609,"comment_status":"open","ping_status":"closed","sticky":false,"template":"","format":"standard","meta":{"om_disable_all_campaigns":false,"_jetpack_memberships_contains_paid_content":false,"footnotes":""},"categories":[50,2,102],"tags":[],"class_list":["post-4608","post","type-post","status-publish","format-standard","has-post-thumbnail","hentry","category-destacadas","category-locales","category-politica-locales"],"aioseo_notices":[],"gutentor_comment":0,"jetpack_featured_media_url":"https:\/\/eldiariodesanpedro.com.ar\/sitio\/wp-content\/uploads\/2016\/05\/PAGINA-5-6.jpg","jetpack_shortlink":"https:\/\/wp.me\/p6RhLt-1ck","jetpack_sharing_enabled":true,"_links":{"self":[{"href":"https:\/\/eldiariodesanpedro.com.ar\/sitio\/wp-json\/wp\/v2\/posts\/4608","targetHints":{"allow":["GET"]}}],"collection":[{"href":"https:\/\/eldiariodesanpedro.com.ar\/sitio\/wp-json\/wp\/v2\/posts"}],"about":[{"href":"https:\/\/eldiariodesanpedro.com.ar\/sitio\/wp-json\/wp\/v2\/types\/post"}],"author":[{"embeddable":true,"href":"https:\/\/eldiariodesanpedro.com.ar\/sitio\/wp-json\/wp\/v2\/users\/4"}],"replies":[{"embeddable":true,"href":"https:\/\/eldiariodesanpedro.com.ar\/sitio\/wp-json\/wp\/v2\/comments?post=4608"}],"version-history":[{"count":1,"href":"https:\/\/eldiariodesanpedro.com.ar\/sitio\/wp-json\/wp\/v2\/posts\/4608\/revisions"}],"predecessor-version":[{"id":4610,"href":"https:\/\/eldiariodesanpedro.com.ar\/sitio\/wp-json\/wp\/v2\/posts\/4608\/revisions\/4610"}],"wp:featuredmedia":[{"embeddable":true,"href":"https:\/\/eldiariodesanpedro.com.ar\/sitio\/wp-json\/wp\/v2\/media\/4609"}],"wp:attachment":[{"href":"https:\/\/eldiariodesanpedro.com.ar\/sitio\/wp-json\/wp\/v2\/media?parent=4608"}],"wp:term":[{"taxonomy":"category","embeddable":true,"href":"https:\/\/eldiariodesanpedro.com.ar\/sitio\/wp-json\/wp\/v2\/categories?post=4608"},{"taxonomy":"post_tag","embeddable":true,"href":"https:\/\/eldiariodesanpedro.com.ar\/sitio\/wp-json\/wp\/v2\/tags?post=4608"}],"curies":[{"name":"wp","href":"https:\/\/api.w.org\/{rel}","templated":true}]}}