{"id":46079,"date":"2019-01-17T11:27:05","date_gmt":"2019-01-17T14:27:05","guid":{"rendered":"https:\/\/eldiariodesanpedro.com.ar\/sitio\/?p=46079"},"modified":"2019-01-17T11:27:14","modified_gmt":"2019-01-17T14:27:14","slug":"zarate-horror-joven-de-23-anos-asesino-a-su-beba-abandonandola-junto-a-una-zanja","status":"publish","type":"post","link":"https:\/\/eldiariodesanpedro.com.ar\/sitio\/zarate-horror-joven-de-23-anos-asesino-a-su-beba-abandonandola-junto-a-una-zanja\/","title":{"rendered":"ZARATE: Horror: joven de 23 a\u00f1os asesin\u00f3 a su beba abandon\u00e1ndola junto a una zanja"},"content":{"rendered":"<!-- VideographyWP Plugin Message: Automatic video embedding prevented by plugin options. -->\n\n<p> Los voceros de los tribunales de Z\u00e1rate &#8211; Campana revelaron que la acusada, llamada Liliana, de 23 a\u00f1os, dio a luz a la ni\u00f1a y, tras envolverla en una manta blanca y floreada, la arroj\u00f3 a una zanja. Posteriormente la imputada cambi\u00f3 de lugar a la menor, que ya se encontraba sin vida, depositandola a 100 metros de su domicilio.<\/p>\n\n\n\n<p>La arroj\u00f3 a una zanja situada en La Pampa al 400, entre Las Magnolias y Ruta Provincial 25, a 3 cuadras de su finca, en el barrio Lambertuchi, al norte del conurbano provincial.<\/p>\n\n\n\n<p>De acuerdo con lo manifestado por los informantes, los investigadores policiales incautaron, en una zanja con agua y vegetaci\u00f3n, una bolsa de nailon, con restos de placenta, estableci\u00e9ndose que la infortunada v\u00edctima, que pesaba 4 kilogramos, hab\u00eda fallecido unas 72 horas antes de ser hallada.<\/p>\n\n\n\n<p>Versiones sosten\u00edan que Liliana hab\u00eda abandonado su casa, ubicada en Los Jazmines al 2400, mientras se encontraba encinta \u2014luego de haber quedado embarazada de un remisero, de 64 a\u00f1os\u2014 y, por dicho motivo, se sospechaba que hab\u00eda huido para practicarse un aborto.<\/p>\n\n\n\n<p>Sin embargo, la joven les se\u00f1al\u00f3 a sus allegados que hab\u00eda contratado a una enfermera para que la ayudara a dar a luz en un parto casero, aunque minti\u00f3 al decir que la peque\u00f1a hab\u00eda nacido muerta y que hab\u00eda enterrado a la ni\u00f1a en el jard\u00edn de la vivienda habitada por esta mujer.<\/p>\n\n\n\n<p>Finalmente la muchacha fue apresada por los servidores p\u00fablicos. Autoridades policiales de la Jefatura Departamental de Z\u00e1rate \u2013 Campana y de la Superintendencia de Seguridad del \u00c1rea Metropolitana de Buenos Aires (AMBA) de la Zona Norte se encargaron de supervisar los procedimientos. En un comienzo la causa hab\u00eda sido caratulada \u201cAveriguaci\u00f3n de il\u00edcito\u201d, aunque luego el expediente se recaratul\u00f3 \u201cAbandono de persona seguido de muerte agravado por el v\u00ednculo\u201d.<\/p>\n\n\n\n<p>Fuente: <a href=\"http:\/\/www.zaratealerta.com.ar\">Zarate Alerta<\/a><\/p>\n","protected":false},"excerpt":{"rendered":"<p>Los voceros de los tribunales de Z\u00e1rate &#8211; Campana revelaron que la acusada, llamada Liliana, de 23 a\u00f1os, dio a luz a la ni\u00f1a y, tras envolverla en una manta blanca y floreada, la arroj\u00f3 a una zanja. Posteriormente la imputada cambi\u00f3 de lugar a la menor, que ya se encontraba sin vida, depositandola a [&hellip;]<\/p>\n","protected":false},"author":4,"featured_media":46081,"comment_status":"open","ping_status":"closed","sticky":false,"template":"","format":"standard","meta":{"om_disable_all_campaigns":false,"_jetpack_memberships_contains_paid_content":false,"footnotes":""},"categories":[621],"tags":[],"class_list":["post-46079","post","type-post","status-publish","format-standard","has-post-thumbnail","hentry","category-regionales"],"aioseo_notices":[],"gutentor_comment":0,"jetpack_featured_media_url":"https:\/\/eldiariodesanpedro.com.ar\/sitio\/wp-content\/uploads\/2019\/01\/201901161138438cd74258218f679e80dd9e0090bda5ba.jpg","jetpack_shortlink":"https:\/\/wp.me\/p6RhLt-bZd","jetpack_sharing_enabled":true,"_links":{"self":[{"href":"https:\/\/eldiariodesanpedro.com.ar\/sitio\/wp-json\/wp\/v2\/posts\/46079","targetHints":{"allow":["GET"]}}],"collection":[{"href":"https:\/\/eldiariodesanpedro.com.ar\/sitio\/wp-json\/wp\/v2\/posts"}],"about":[{"href":"https:\/\/eldiariodesanpedro.com.ar\/sitio\/wp-json\/wp\/v2\/types\/post"}],"author":[{"embeddable":true,"href":"https:\/\/eldiariodesanpedro.com.ar\/sitio\/wp-json\/wp\/v2\/users\/4"}],"replies":[{"embeddable":true,"href":"https:\/\/eldiariodesanpedro.com.ar\/sitio\/wp-json\/wp\/v2\/comments?post=46079"}],"version-history":[{"count":1,"href":"https:\/\/eldiariodesanpedro.com.ar\/sitio\/wp-json\/wp\/v2\/posts\/46079\/revisions"}],"predecessor-version":[{"id":46082,"href":"https:\/\/eldiariodesanpedro.com.ar\/sitio\/wp-json\/wp\/v2\/posts\/46079\/revisions\/46082"}],"wp:featuredmedia":[{"embeddable":true,"href":"https:\/\/eldiariodesanpedro.com.ar\/sitio\/wp-json\/wp\/v2\/media\/46081"}],"wp:attachment":[{"href":"https:\/\/eldiariodesanpedro.com.ar\/sitio\/wp-json\/wp\/v2\/media?parent=46079"}],"wp:term":[{"taxonomy":"category","embeddable":true,"href":"https:\/\/eldiariodesanpedro.com.ar\/sitio\/wp-json\/wp\/v2\/categories?post=46079"},{"taxonomy":"post_tag","embeddable":true,"href":"https:\/\/eldiariodesanpedro.com.ar\/sitio\/wp-json\/wp\/v2\/tags?post=46079"}],"curies":[{"name":"wp","href":"https:\/\/api.w.org\/{rel}","templated":true}]}}