{"id":46071,"date":"2019-01-17T09:27:47","date_gmt":"2019-01-17T12:27:47","guid":{"rendered":"https:\/\/eldiariodesanpedro.com.ar\/sitio\/?p=46071"},"modified":"2019-01-17T09:27:57","modified_gmt":"2019-01-17T12:27:57","slug":"estadisticas-2018-y-primer-barco-del-2019","status":"publish","type":"post","link":"https:\/\/eldiariodesanpedro.com.ar\/sitio\/estadisticas-2018-y-primer-barco-del-2019\/","title":{"rendered":"Estad\u00edsticas 2018 y primer barco del 2019"},"content":{"rendered":"<!-- VideographyWP Plugin Message: Automatic video embedding prevented by plugin options. -->\n\n<p>El Consorcio de Gesti\u00f3n del Puerto de San Pedro pone a disposici\u00f3n las estad\u00edsticas de cargas y removido de arena de la temporada 2018 que incluye la comparativa (en toneladas) con a\u00f1os anteriores. Se han mantenido y se mantienen reuniones con las empresas para buscar en conjunto las mejores opciones para este nuevo a\u00f1o y se anticipa para la pr\u00f3xima semana la primera carga de cereal gestionada por la empresa Grobocapatel a trav\u00e9s de Terminal Puerto San Pedro. <br><\/p>\n\n\n\n<p>Al mismo tiempo contin\u00faan gestiones relacionadas con obras de mantenimiento e infraestructura para ir concret\u00e1ndose durante los pr\u00f3ximos meses.<\/p>\n\n\n\n<figure class=\"wp-block-image\"><img decoding=\"async\" width=\"571\" height=\"349\" data-attachment-id=\"46072\" data-permalink=\"https:\/\/eldiariodesanpedro.com.ar\/sitio\/estadisticas-2018-y-primer-barco-del-2019\/estapuerto\/\" data-orig-file=\"https:\/\/eldiariodesanpedro.com.ar\/sitio\/wp-content\/uploads\/2019\/01\/estapuerto.jpg\" data-orig-size=\"571,349\" data-comments-opened=\"1\" data-image-meta=\"{&quot;aperture&quot;:&quot;0&quot;,&quot;credit&quot;:&quot;&quot;,&quot;camera&quot;:&quot;&quot;,&quot;caption&quot;:&quot;&quot;,&quot;created_timestamp&quot;:&quot;0&quot;,&quot;copyright&quot;:&quot;&quot;,&quot;focal_length&quot;:&quot;0&quot;,&quot;iso&quot;:&quot;0&quot;,&quot;shutter_speed&quot;:&quot;0&quot;,&quot;title&quot;:&quot;&quot;,&quot;orientation&quot;:&quot;0&quot;}\" data-image-title=\"estapuerto\" data-image-description=\"\" data-image-caption=\"\" data-large-file=\"https:\/\/eldiariodesanpedro.com.ar\/sitio\/wp-content\/uploads\/2019\/01\/estapuerto.jpg\" data-src=\"https:\/\/eldiariodesanpedro.com.ar\/sitio\/wp-content\/uploads\/2019\/01\/estapuerto.jpg\" alt=\"\" class=\"wp-image-46072 lazyload\" data-srcset=\"https:\/\/eldiariodesanpedro.com.ar\/sitio\/wp-content\/uploads\/2019\/01\/estapuerto.jpg 571w, https:\/\/eldiariodesanpedro.com.ar\/sitio\/wp-content\/uploads\/2019\/01\/estapuerto-300x183.jpg 300w\" data-sizes=\"(max-width: 571px) 100vw, 571px\" src=\"data:image\/svg+xml;base64,PHN2ZyB3aWR0aD0iMSIgaGVpZ2h0PSIxIiB4bWxucz0iaHR0cDovL3d3dy53My5vcmcvMjAwMC9zdmciPjwvc3ZnPg==\" style=\"--smush-placeholder-width: 571px; --smush-placeholder-aspect-ratio: 571\/349;\" \/><\/figure>\n","protected":false},"excerpt":{"rendered":"<p>El Consorcio de Gesti\u00f3n del Puerto de San Pedro pone a disposici\u00f3n las estad\u00edsticas de cargas y removido de arena de la temporada 2018 que incluye la comparativa (en toneladas) con a\u00f1os anteriores. Se han mantenido y se mantienen reuniones con las empresas para buscar en conjunto las mejores opciones para este nuevo a\u00f1o y [&hellip;]<\/p>\n","protected":false},"author":4,"featured_media":9126,"comment_status":"open","ping_status":"closed","sticky":false,"template":"","format":"standard","meta":{"om_disable_all_campaigns":false,"_jetpack_memberships_contains_paid_content":false,"footnotes":""},"categories":[101,2],"tags":[],"class_list":["post-46071","post","type-post","status-publish","format-standard","has-post-thumbnail","hentry","category-interes-general-locales","category-locales"],"aioseo_notices":[],"gutentor_comment":0,"jetpack_featured_media_url":"https:\/\/eldiariodesanpedro.com.ar\/sitio\/wp-content\/uploads\/2016\/10\/puerto.jpg","jetpack_shortlink":"https:\/\/wp.me\/p6RhLt-bZ5","jetpack_sharing_enabled":true,"_links":{"self":[{"href":"https:\/\/eldiariodesanpedro.com.ar\/sitio\/wp-json\/wp\/v2\/posts\/46071","targetHints":{"allow":["GET"]}}],"collection":[{"href":"https:\/\/eldiariodesanpedro.com.ar\/sitio\/wp-json\/wp\/v2\/posts"}],"about":[{"href":"https:\/\/eldiariodesanpedro.com.ar\/sitio\/wp-json\/wp\/v2\/types\/post"}],"author":[{"embeddable":true,"href":"https:\/\/eldiariodesanpedro.com.ar\/sitio\/wp-json\/wp\/v2\/users\/4"}],"replies":[{"embeddable":true,"href":"https:\/\/eldiariodesanpedro.com.ar\/sitio\/wp-json\/wp\/v2\/comments?post=46071"}],"version-history":[{"count":1,"href":"https:\/\/eldiariodesanpedro.com.ar\/sitio\/wp-json\/wp\/v2\/posts\/46071\/revisions"}],"predecessor-version":[{"id":46073,"href":"https:\/\/eldiariodesanpedro.com.ar\/sitio\/wp-json\/wp\/v2\/posts\/46071\/revisions\/46073"}],"wp:featuredmedia":[{"embeddable":true,"href":"https:\/\/eldiariodesanpedro.com.ar\/sitio\/wp-json\/wp\/v2\/media\/9126"}],"wp:attachment":[{"href":"https:\/\/eldiariodesanpedro.com.ar\/sitio\/wp-json\/wp\/v2\/media?parent=46071"}],"wp:term":[{"taxonomy":"category","embeddable":true,"href":"https:\/\/eldiariodesanpedro.com.ar\/sitio\/wp-json\/wp\/v2\/categories?post=46071"},{"taxonomy":"post_tag","embeddable":true,"href":"https:\/\/eldiariodesanpedro.com.ar\/sitio\/wp-json\/wp\/v2\/tags?post=46071"}],"curies":[{"name":"wp","href":"https:\/\/api.w.org\/{rel}","templated":true}]}}