{"id":46061,"date":"2019-01-16T13:34:06","date_gmt":"2019-01-16T16:34:06","guid":{"rendered":"https:\/\/eldiariodesanpedro.com.ar\/sitio\/?p=46061"},"modified":"2019-01-16T18:57:42","modified_gmt":"2019-01-16T21:57:42","slug":"hantavirus-caso-positivo-en-san-pedro","status":"publish","type":"post","link":"https:\/\/eldiariodesanpedro.com.ar\/sitio\/hantavirus-caso-positivo-en-san-pedro\/","title":{"rendered":"HANTAVIRUS: Caso positivo en San Pedro"},"content":{"rendered":"<!-- VideographyWP Plugin Message: Automatic video embedding prevented by plugin options. -->\n\n<p>La Secretar\u00eda de Salud de la Municipalidad de San Pedro informa que en las \u00faltimas horas, los an\u00e1lisis realizados a un hombre adulto que efectu\u00f3 una consulta en Sanatorio COOPSER, por s\u00edntomas presuntivos de Hantavirus, arrojaron resultado positivo, ser\u00eda en un hombre de 41 a\u00f1os de edad quien podr\u00eda haber contra\u00eddo la enfermedad en la provincia de Entre R\u00edos cuando realizaba tareas de cableado, viaje laboral del cual lleg\u00f3 d\u00edas atr\u00e1s.<br> <br>Se trata de Armando Esp\u00edndola, de 41 a\u00f1os, que fue trasladada a la cl\u00ednica Constituyentes centro de mayor complejidad de la localidad de Mor\u00f3n y con quien se cumplen los protocolos de atenci\u00f3n indicados por la Regi\u00f3n Sanitaria y el Ministerio de Salud.  <br><br> Esp\u00edndola fue trasladado a Mor\u00f3n tras permanecer 3 d\u00edas internado en el \u00e1rea de terapia intensiva de la cl\u00ednica Coopser, sufriendo una fiebre muy alta que dio comienzo en la provincia de Entre R\u00edos. Al llegar de este lugar fue atendido en un primer momento donde no pudieron solucionar su problema, r\u00e1pidamente su familia lo llevo a la Cl\u00ednica perteneciente a la cooperativa El\u00e9ctrica donde estuvo internado en terapia intensiva junto con otras cuatro personas quienes presentaban un cuadro de neumon\u00eda aguda, tras enviar los estudios al dar los resultados se tom\u00f3 conocimiento  que la enfermedad que portaba era Hantavirus siendo trasladado a la Cl\u00ednica Constituyentes donde se encuentra en observaci\u00f3n.<br><\/p>\n\n\n\n<p>Con el objetivo de trasladar a la poblaci\u00f3n, tranquilidad e informaci\u00f3n precisa sobre las caracter\u00edsticas del caso, se recuerda que ma\u00f1ana jueves 17 a las 10 hs. en el Hospital, autoridades sanitarias de San Pedro y la regi\u00f3n, ofrecer\u00e1n una conferencia de prensa en la que se detallar\u00e1n las acciones preventivas en marcha, las recomendaciones para la poblaci\u00f3n y otros datos de inter\u00e9s.<\/p>\n","protected":false},"excerpt":{"rendered":"<p>La Secretar\u00eda de Salud de la Municipalidad de San Pedro informa que en las \u00faltimas horas, los an\u00e1lisis realizados a un hombre adulto que efectu\u00f3 una consulta en Sanatorio COOPSER, por s\u00edntomas presuntivos de Hantavirus, arrojaron resultado positivo, ser\u00eda en un hombre de 41 a\u00f1os de edad quien podr\u00eda haber contra\u00eddo la enfermedad en la [&hellip;]<\/p>\n","protected":false},"author":4,"featured_media":46062,"comment_status":"open","ping_status":"closed","sticky":false,"template":"","format":"standard","meta":{"om_disable_all_campaigns":false,"_jetpack_memberships_contains_paid_content":false,"footnotes":""},"categories":[50,101,2],"tags":[],"class_list":["post-46061","post","type-post","status-publish","format-standard","has-post-thumbnail","hentry","category-destacadas","category-interes-general-locales","category-locales"],"aioseo_notices":[],"gutentor_comment":0,"jetpack_featured_media_url":"https:\/\/eldiariodesanpedro.com.ar\/sitio\/wp-content\/uploads\/2019\/01\/HANTA-VIRUS-1.png","jetpack_shortlink":"https:\/\/wp.me\/p6RhLt-bYV","jetpack_sharing_enabled":true,"_links":{"self":[{"href":"https:\/\/eldiariodesanpedro.com.ar\/sitio\/wp-json\/wp\/v2\/posts\/46061","targetHints":{"allow":["GET"]}}],"collection":[{"href":"https:\/\/eldiariodesanpedro.com.ar\/sitio\/wp-json\/wp\/v2\/posts"}],"about":[{"href":"https:\/\/eldiariodesanpedro.com.ar\/sitio\/wp-json\/wp\/v2\/types\/post"}],"author":[{"embeddable":true,"href":"https:\/\/eldiariodesanpedro.com.ar\/sitio\/wp-json\/wp\/v2\/users\/4"}],"replies":[{"embeddable":true,"href":"https:\/\/eldiariodesanpedro.com.ar\/sitio\/wp-json\/wp\/v2\/comments?post=46061"}],"version-history":[{"count":4,"href":"https:\/\/eldiariodesanpedro.com.ar\/sitio\/wp-json\/wp\/v2\/posts\/46061\/revisions"}],"predecessor-version":[{"id":46068,"href":"https:\/\/eldiariodesanpedro.com.ar\/sitio\/wp-json\/wp\/v2\/posts\/46061\/revisions\/46068"}],"wp:featuredmedia":[{"embeddable":true,"href":"https:\/\/eldiariodesanpedro.com.ar\/sitio\/wp-json\/wp\/v2\/media\/46062"}],"wp:attachment":[{"href":"https:\/\/eldiariodesanpedro.com.ar\/sitio\/wp-json\/wp\/v2\/media?parent=46061"}],"wp:term":[{"taxonomy":"category","embeddable":true,"href":"https:\/\/eldiariodesanpedro.com.ar\/sitio\/wp-json\/wp\/v2\/categories?post=46061"},{"taxonomy":"post_tag","embeddable":true,"href":"https:\/\/eldiariodesanpedro.com.ar\/sitio\/wp-json\/wp\/v2\/tags?post=46061"}],"curies":[{"name":"wp","href":"https:\/\/api.w.org\/{rel}","templated":true}]}}