{"id":46058,"date":"2019-01-16T13:05:34","date_gmt":"2019-01-16T16:05:34","guid":{"rendered":"https:\/\/eldiariodesanpedro.com.ar\/sitio\/?p=46058"},"modified":"2019-01-16T13:05:41","modified_gmt":"2019-01-16T16:05:41","slug":"se-secuestro-un-automovil-peugeot-abandonado-en-la-via-publica","status":"publish","type":"post","link":"https:\/\/eldiariodesanpedro.com.ar\/sitio\/se-secuestro-un-automovil-peugeot-abandonado-en-la-via-publica\/","title":{"rendered":"Se secuestr\u00f3 un autom\u00f3vil Peugeot abandonado en la v\u00eda p\u00fablica"},"content":{"rendered":"<!-- VideographyWP Plugin Message: Automatic video embedding prevented by plugin options. -->\n\n<p>La polic\u00eda de nuestra ciudad realiza distintos operativos de interceptaci\u00f3n vehicular donde en esta oportunidad logr\u00f3 secuestrar un veh\u00edculo que se encontraba en estado de abandono.<br><\/p>\n\n\n\n<p> Este martes alrededor de las 19:30 hs la polic\u00eda alertada por el servicio 911 se hace presente en calle General Pueyrredon al 200 donde procedi\u00f3 hallazgo y secuestro del autom\u00f3vil Peugeot 405 de color gris cual se hallaba abandonado desde d\u00edas atr\u00e1s seg\u00fan datos recabados. <br><\/p>\n\n\n\n<p>El dominio colocado resulta pertenecer a otro autom\u00f3vil que registra secuestro a\u00f1o 1997, por el delito robo automotor a requerimiento de la Comisar\u00eda 2\u00ba de la localidad de 3 de Febrero, Interv Fiscal\u00eda local.<br><\/p>\n","protected":false},"excerpt":{"rendered":"<p>La polic\u00eda de nuestra ciudad realiza distintos operativos de interceptaci\u00f3n vehicular donde en esta oportunidad logr\u00f3 secuestrar un veh\u00edculo que se encontraba en estado de abandono. Este martes alrededor de las 19:30 hs la polic\u00eda alertada por el servicio 911 se hace presente en calle General Pueyrredon al 200 donde procedi\u00f3 hallazgo y secuestro del [&hellip;]<\/p>\n","protected":false},"author":4,"featured_media":13372,"comment_status":"open","ping_status":"closed","sticky":false,"template":"","format":"standard","meta":{"om_disable_all_campaigns":false,"_jetpack_memberships_contains_paid_content":false,"footnotes":""},"categories":[2,103],"tags":[],"class_list":["post-46058","post","type-post","status-publish","format-standard","has-post-thumbnail","hentry","category-locales","category-policiales-locales"],"aioseo_notices":[],"gutentor_comment":0,"jetpack_featured_media_url":"https:\/\/eldiariodesanpedro.com.ar\/sitio\/wp-content\/uploads\/2017\/01\/Patrulla-4-e1485286120389.jpg","jetpack_shortlink":"https:\/\/wp.me\/p6RhLt-bYS","jetpack_sharing_enabled":true,"_links":{"self":[{"href":"https:\/\/eldiariodesanpedro.com.ar\/sitio\/wp-json\/wp\/v2\/posts\/46058","targetHints":{"allow":["GET"]}}],"collection":[{"href":"https:\/\/eldiariodesanpedro.com.ar\/sitio\/wp-json\/wp\/v2\/posts"}],"about":[{"href":"https:\/\/eldiariodesanpedro.com.ar\/sitio\/wp-json\/wp\/v2\/types\/post"}],"author":[{"embeddable":true,"href":"https:\/\/eldiariodesanpedro.com.ar\/sitio\/wp-json\/wp\/v2\/users\/4"}],"replies":[{"embeddable":true,"href":"https:\/\/eldiariodesanpedro.com.ar\/sitio\/wp-json\/wp\/v2\/comments?post=46058"}],"version-history":[{"count":1,"href":"https:\/\/eldiariodesanpedro.com.ar\/sitio\/wp-json\/wp\/v2\/posts\/46058\/revisions"}],"predecessor-version":[{"id":46059,"href":"https:\/\/eldiariodesanpedro.com.ar\/sitio\/wp-json\/wp\/v2\/posts\/46058\/revisions\/46059"}],"wp:featuredmedia":[{"embeddable":true,"href":"https:\/\/eldiariodesanpedro.com.ar\/sitio\/wp-json\/wp\/v2\/media\/13372"}],"wp:attachment":[{"href":"https:\/\/eldiariodesanpedro.com.ar\/sitio\/wp-json\/wp\/v2\/media?parent=46058"}],"wp:term":[{"taxonomy":"category","embeddable":true,"href":"https:\/\/eldiariodesanpedro.com.ar\/sitio\/wp-json\/wp\/v2\/categories?post=46058"},{"taxonomy":"post_tag","embeddable":true,"href":"https:\/\/eldiariodesanpedro.com.ar\/sitio\/wp-json\/wp\/v2\/tags?post=46058"}],"curies":[{"name":"wp","href":"https:\/\/api.w.org\/{rel}","templated":true}]}}