{"id":46056,"date":"2019-01-16T12:57:28","date_gmt":"2019-01-16T15:57:28","guid":{"rendered":"https:\/\/eldiariodesanpedro.com.ar\/sitio\/?p=46056"},"modified":"2019-01-16T12:57:35","modified_gmt":"2019-01-16T15:57:35","slug":"dos-robos-este-martes-en-la-via-publica","status":"publish","type":"post","link":"https:\/\/eldiariodesanpedro.com.ar\/sitio\/dos-robos-este-martes-en-la-via-publica\/","title":{"rendered":"Dos robos este martes en la v\u00eda p\u00fablica"},"content":{"rendered":"<!-- VideographyWP Plugin Message: Automatic video embedding prevented by plugin options. -->\n\n<p>Este martes se registraron dos hechos delictivos que fueron denunciados en la comisar\u00eda local, en uno de ellos el robo de una bicicleta y el otro una mujer fue asaltada cuando conduc\u00eda su motocicleta<br><\/p>\n\n\n\n<p>Se realiz\u00f3 una denuncia por parte de la mujer v\u00edctima a quien le sustrajeron su bicicleta cuando se encontraba en su domicilio, la polic\u00eda investiga el hecho de sustracci\u00f3n de la misma, en pleno tr\u00e1mite a espera de diligencia judicial &nbsp;<br><\/p>\n\n\n\n<p>Tambi\u00e9n alrededor de las 22:15 hs momento circulaba en su motocicleta, calle Irigoyen y Padre Santana, es sorprendida por un sujeto masculino que se le interpone a su paso y tras intimidaci\u00f3n le sustrae cartera con elementos personales, se investiga el hecho con intervenci\u00f3n de la fiscal\u00eda local.<br><\/p>\n","protected":false},"excerpt":{"rendered":"<p>Este martes se registraron dos hechos delictivos que fueron denunciados en la comisar\u00eda local, en uno de ellos el robo de una bicicleta y el otro una mujer fue asaltada cuando conduc\u00eda su motocicleta Se realiz\u00f3 una denuncia por parte de la mujer v\u00edctima a quien le sustrajeron su bicicleta cuando se encontraba en su [&hellip;]<\/p>\n","protected":false},"author":4,"featured_media":16976,"comment_status":"open","ping_status":"closed","sticky":false,"template":"","format":"standard","meta":{"om_disable_all_campaigns":false,"_jetpack_memberships_contains_paid_content":false,"footnotes":""},"categories":[2,103],"tags":[],"class_list":["post-46056","post","type-post","status-publish","format-standard","has-post-thumbnail","hentry","category-locales","category-policiales-locales"],"aioseo_notices":[],"gutentor_comment":1,"jetpack_featured_media_url":"https:\/\/eldiariodesanpedro.com.ar\/sitio\/wp-content\/uploads\/2017\/04\/DSC_0002-e1496323008397.jpg","jetpack_shortlink":"https:\/\/wp.me\/p6RhLt-bYQ","jetpack_sharing_enabled":true,"_links":{"self":[{"href":"https:\/\/eldiariodesanpedro.com.ar\/sitio\/wp-json\/wp\/v2\/posts\/46056","targetHints":{"allow":["GET"]}}],"collection":[{"href":"https:\/\/eldiariodesanpedro.com.ar\/sitio\/wp-json\/wp\/v2\/posts"}],"about":[{"href":"https:\/\/eldiariodesanpedro.com.ar\/sitio\/wp-json\/wp\/v2\/types\/post"}],"author":[{"embeddable":true,"href":"https:\/\/eldiariodesanpedro.com.ar\/sitio\/wp-json\/wp\/v2\/users\/4"}],"replies":[{"embeddable":true,"href":"https:\/\/eldiariodesanpedro.com.ar\/sitio\/wp-json\/wp\/v2\/comments?post=46056"}],"version-history":[{"count":1,"href":"https:\/\/eldiariodesanpedro.com.ar\/sitio\/wp-json\/wp\/v2\/posts\/46056\/revisions"}],"predecessor-version":[{"id":46057,"href":"https:\/\/eldiariodesanpedro.com.ar\/sitio\/wp-json\/wp\/v2\/posts\/46056\/revisions\/46057"}],"wp:featuredmedia":[{"embeddable":true,"href":"https:\/\/eldiariodesanpedro.com.ar\/sitio\/wp-json\/wp\/v2\/media\/16976"}],"wp:attachment":[{"href":"https:\/\/eldiariodesanpedro.com.ar\/sitio\/wp-json\/wp\/v2\/media?parent=46056"}],"wp:term":[{"taxonomy":"category","embeddable":true,"href":"https:\/\/eldiariodesanpedro.com.ar\/sitio\/wp-json\/wp\/v2\/categories?post=46056"},{"taxonomy":"post_tag","embeddable":true,"href":"https:\/\/eldiariodesanpedro.com.ar\/sitio\/wp-json\/wp\/v2\/tags?post=46056"}],"curies":[{"name":"wp","href":"https:\/\/api.w.org\/{rel}","templated":true}]}}