{"id":46053,"date":"2019-01-16T12:50:13","date_gmt":"2019-01-16T15:50:13","guid":{"rendered":"https:\/\/eldiariodesanpedro.com.ar\/sitio\/?p=46053"},"modified":"2019-01-16T12:50:20","modified_gmt":"2019-01-16T15:50:20","slug":"un-joven-denuncio-un-accidente-ocurrido-el-pasado-domingo","status":"publish","type":"post","link":"https:\/\/eldiariodesanpedro.com.ar\/sitio\/un-joven-denuncio-un-accidente-ocurrido-el-pasado-domingo\/","title":{"rendered":"Un joven denunci\u00f3 un accidente ocurrido el pasado domingo"},"content":{"rendered":"<!-- VideographyWP Plugin Message: Automatic video embedding prevented by plugin options. -->\n\n<p>Este martes se recibi\u00f3 en la comisar\u00eda local una denuncia por parte de un ciudadano de nuestra ciudad de 27 a\u00f1os de edad, quien declara que el pasado domingo, alrededor de las 07.30 hs, momento en que circulaba en su motocicleta Honda XR 150cc. por calle Pav\u00f3n, al doblar en intersecci\u00f3n de calle Pellegrini tomando esta por su mano, fue embestido por autom\u00f3vil Volkswagen Gol de color gris oscuro, el cual se da a la fuga<\/p>\n\n\n\n<p>El joven sufri\u00f3 lesiones por politraumatismos en miembro inferiores. Investiga fiscalia local.<\/p>\n","protected":false},"excerpt":{"rendered":"<p>Este martes se recibi\u00f3 en la comisar\u00eda local una denuncia por parte de un ciudadano de nuestra ciudad de 27 a\u00f1os de edad, quien declara que el pasado domingo, alrededor de las 07.30 hs, momento en que circulaba en su motocicleta Honda XR 150cc. por calle Pav\u00f3n, al doblar en intersecci\u00f3n de calle Pellegrini tomando [&hellip;]<\/p>\n","protected":false},"author":4,"featured_media":45394,"comment_status":"open","ping_status":"closed","sticky":false,"template":"","format":"standard","meta":{"om_disable_all_campaigns":false,"_jetpack_memberships_contains_paid_content":false,"footnotes":""},"categories":[2,103],"tags":[],"class_list":["post-46053","post","type-post","status-publish","format-standard","has-post-thumbnail","hentry","category-locales","category-policiales-locales"],"aioseo_notices":[],"gutentor_comment":0,"jetpack_featured_media_url":"https:\/\/eldiariodesanpedro.com.ar\/sitio\/wp-content\/uploads\/2019\/01\/comisaria.jpg","jetpack_shortlink":"https:\/\/wp.me\/p6RhLt-bYN","jetpack_sharing_enabled":true,"_links":{"self":[{"href":"https:\/\/eldiariodesanpedro.com.ar\/sitio\/wp-json\/wp\/v2\/posts\/46053","targetHints":{"allow":["GET"]}}],"collection":[{"href":"https:\/\/eldiariodesanpedro.com.ar\/sitio\/wp-json\/wp\/v2\/posts"}],"about":[{"href":"https:\/\/eldiariodesanpedro.com.ar\/sitio\/wp-json\/wp\/v2\/types\/post"}],"author":[{"embeddable":true,"href":"https:\/\/eldiariodesanpedro.com.ar\/sitio\/wp-json\/wp\/v2\/users\/4"}],"replies":[{"embeddable":true,"href":"https:\/\/eldiariodesanpedro.com.ar\/sitio\/wp-json\/wp\/v2\/comments?post=46053"}],"version-history":[{"count":1,"href":"https:\/\/eldiariodesanpedro.com.ar\/sitio\/wp-json\/wp\/v2\/posts\/46053\/revisions"}],"predecessor-version":[{"id":46054,"href":"https:\/\/eldiariodesanpedro.com.ar\/sitio\/wp-json\/wp\/v2\/posts\/46053\/revisions\/46054"}],"wp:featuredmedia":[{"embeddable":true,"href":"https:\/\/eldiariodesanpedro.com.ar\/sitio\/wp-json\/wp\/v2\/media\/45394"}],"wp:attachment":[{"href":"https:\/\/eldiariodesanpedro.com.ar\/sitio\/wp-json\/wp\/v2\/media?parent=46053"}],"wp:term":[{"taxonomy":"category","embeddable":true,"href":"https:\/\/eldiariodesanpedro.com.ar\/sitio\/wp-json\/wp\/v2\/categories?post=46053"},{"taxonomy":"post_tag","embeddable":true,"href":"https:\/\/eldiariodesanpedro.com.ar\/sitio\/wp-json\/wp\/v2\/tags?post=46053"}],"curies":[{"name":"wp","href":"https:\/\/api.w.org\/{rel}","templated":true}]}}