{"id":46050,"date":"2019-01-16T12:41:58","date_gmt":"2019-01-16T15:41:58","guid":{"rendered":"https:\/\/eldiariodesanpedro.com.ar\/sitio\/?p=46050"},"modified":"2019-01-16T12:45:07","modified_gmt":"2019-01-16T15:45:07","slug":"un-joven-de-20-anos-con-grave-traumatismo-craneoencefalico-tras-colision-entre-dos-motocicletas","status":"publish","type":"post","link":"https:\/\/eldiariodesanpedro.com.ar\/sitio\/un-joven-de-20-anos-con-grave-traumatismo-craneoencefalico-tras-colision-entre-dos-motocicletas\/","title":{"rendered":"Un joven de 20 a\u00f1os con grave Traumatismo Craneoencef\u00e1lico tras colisi\u00f3n entre dos motocicletas"},"content":{"rendered":"<!-- VideographyWP Plugin Message: Automatic video embedding prevented by plugin options. -->\n\n<p>Este martes se registraron dos siniestros viales en nuestra ciudad, desafortunadamente en uno de ellos result\u00f3 un joven de 20 a\u00f1os con un grave traumatismo de cr\u00e1neo y su estado es reservado.<\/p>\n\n\n\n<p>El primero de ellos ocurri\u00f3 alrededor de las 14:20 hs donde tom\u00f3 intervenci\u00f3n personal policial en calle San Mart\u00edn al 3300 &nbsp;donde por causas tratase de establecer colision\u00f3 un autom\u00f3vil Volkswagen Gol rojo conducido por ciudadano de 40 a\u00f1os, contra motocicleta Suzuki 125 cc. conducida por joven de 15 a\u00f1os. Como consecuencia se traslad\u00f3 al conductor rodado menor hasta nosocomio local, donde m\u00e9dico de guardia dictamina traumatismo miembro inferior derecho, y escoriaciones leves, quedando en observaci\u00f3n sin riesgo de vida. <\/p>\n\n\n\n<p>El otro hecho por su parte tuvo lugar a las 23 hs en calle Combate de Obligado y Nieto de Torres donde por causas tratase de establecer colision\u00f3 motocicleta Gilera Smash 110 de color azul conducida por joven de 16 a\u00f1os contra otra motocicleta Guerrero 110 cc de color azul conducida por masculino 20 a\u00f1os. Como consecuencias ambos conductores fueron trasladados al nosocomio local, menor presenta politraumatismos y excoriaciones varias, lesiones de car\u00e1cter leves, masculino mayor presenta traumatismo de cr\u00e1neo grave en Unidad de Cuidados Intensivos, con estado reservado.<br><\/p>\n","protected":false},"excerpt":{"rendered":"<p>Este martes se registraron dos siniestros viales en nuestra ciudad, desafortunadamente en uno de ellos result\u00f3 un joven de 20 a\u00f1os con un grave traumatismo de cr\u00e1neo y su estado es reservado. El primero de ellos ocurri\u00f3 alrededor de las 14:20 hs donde tom\u00f3 intervenci\u00f3n personal policial en calle San Mart\u00edn al 3300 &nbsp;donde por [&hellip;]<\/p>\n","protected":false},"author":4,"featured_media":25808,"comment_status":"open","ping_status":"closed","sticky":false,"template":"","format":"standard","meta":{"om_disable_all_campaigns":false,"_jetpack_memberships_contains_paid_content":false,"footnotes":""},"categories":[2,103],"tags":[],"class_list":["post-46050","post","type-post","status-publish","format-standard","has-post-thumbnail","hentry","category-locales","category-policiales-locales"],"aioseo_notices":[],"gutentor_comment":0,"jetpack_featured_media_url":"https:\/\/eldiariodesanpedro.com.ar\/sitio\/wp-content\/uploads\/2017\/11\/Los-accidentados-fueron-derivados-a-la-Guardia.jpg","jetpack_shortlink":"https:\/\/wp.me\/p6RhLt-bYK","jetpack_sharing_enabled":true,"_links":{"self":[{"href":"https:\/\/eldiariodesanpedro.com.ar\/sitio\/wp-json\/wp\/v2\/posts\/46050","targetHints":{"allow":["GET"]}}],"collection":[{"href":"https:\/\/eldiariodesanpedro.com.ar\/sitio\/wp-json\/wp\/v2\/posts"}],"about":[{"href":"https:\/\/eldiariodesanpedro.com.ar\/sitio\/wp-json\/wp\/v2\/types\/post"}],"author":[{"embeddable":true,"href":"https:\/\/eldiariodesanpedro.com.ar\/sitio\/wp-json\/wp\/v2\/users\/4"}],"replies":[{"embeddable":true,"href":"https:\/\/eldiariodesanpedro.com.ar\/sitio\/wp-json\/wp\/v2\/comments?post=46050"}],"version-history":[{"count":2,"href":"https:\/\/eldiariodesanpedro.com.ar\/sitio\/wp-json\/wp\/v2\/posts\/46050\/revisions"}],"predecessor-version":[{"id":46052,"href":"https:\/\/eldiariodesanpedro.com.ar\/sitio\/wp-json\/wp\/v2\/posts\/46050\/revisions\/46052"}],"wp:featuredmedia":[{"embeddable":true,"href":"https:\/\/eldiariodesanpedro.com.ar\/sitio\/wp-json\/wp\/v2\/media\/25808"}],"wp:attachment":[{"href":"https:\/\/eldiariodesanpedro.com.ar\/sitio\/wp-json\/wp\/v2\/media?parent=46050"}],"wp:term":[{"taxonomy":"category","embeddable":true,"href":"https:\/\/eldiariodesanpedro.com.ar\/sitio\/wp-json\/wp\/v2\/categories?post=46050"},{"taxonomy":"post_tag","embeddable":true,"href":"https:\/\/eldiariodesanpedro.com.ar\/sitio\/wp-json\/wp\/v2\/tags?post=46050"}],"curies":[{"name":"wp","href":"https:\/\/api.w.org\/{rel}","templated":true}]}}