{"id":4605,"date":"2016-05-22T22:20:11","date_gmt":"2016-05-23T01:20:11","guid":{"rendered":"https:\/\/eldiariodesanpedro.com.ar\/sitio\/?p=4605"},"modified":"2016-05-22T22:20:11","modified_gmt":"2016-05-23T01:20:11","slug":"distinguen-a-jose-luis-aguilar-por-su-contribucion-a-la-paleontologia-argentina","status":"publish","type":"post","link":"https:\/\/eldiariodesanpedro.com.ar\/sitio\/distinguen-a-jose-luis-aguilar-por-su-contribucion-a-la-paleontologia-argentina\/","title":{"rendered":"Distinguen a Jos\u00e9 Luis Aguilar por su contribuci\u00f3n a la paleontolog\u00eda argentina"},"content":{"rendered":"<p><!-- VideographyWP Plugin Message: Automatic video embedding prevented by plugin options. --><br \/>\nEl evento, organizado por el Laboratorio de Anatom\u00eda Comparada del Museo Bernardino Rivadavia, se desarroll\u00f3 en la noche del jueves. All\u00ed asisti\u00f3 Jos\u00e9 Luis Aguilar, exdirector de Cultura y fundador del Museo Paleontol\u00f3gico de San Pedro, convocado por la comisi\u00f3n organizadora de las XXX Jornadas Argentinas de Paleontolog\u00eda de Vertebrados.<br \/>\nEn ese marco, el sampedrino fue distinguido junto a cinco personalidades de la paleontolog\u00eda nacional que se han destacado en diferentes aspectos de dicha disciplina cient\u00edfica. En el caso de Aguilar, recibi\u00f3 su diploma \u201cPor su contribuci\u00f3n a la difusi\u00f3n de la paleontolog\u00eda de vertebrados en la Argentina\u201d, entregado en mano por el Dr. Fernando Novas.<br \/>\nEl principal impulsor del Grupo Conservacionista de F\u00f3siles hab\u00eda sido notificado d\u00edas atr\u00e1s de la decisi\u00f3n de la comisi\u00f3n organizadora de las jornadas a trav\u00e9s del propio Novas, uno de los principales referentes de la paleontolog\u00eda argentina que ha visitado el Museo de San Pedro en varias oportunidades.<br \/>\nJos\u00e9 Luis Aguilar recibi\u00f3 su reconocimiento junto a profesionales de la talla de los Dres. Marcelo Reguero, Leonardo Salgado, Marcelo Isasi, Zulma Gasparini y el dibujante cient\u00edfico Jorge Blanco; todos altos exponentes de esa rama de las Ciencias Naturales.<br \/>\nCon la presencia de paleont\u00f3logos, t\u00e9cnicos y directivos de diferentes centros de investigaci\u00f3n de todo el pa\u00eds, el sampedrino fue destacado por su ardua y sostenida tarea enfocada en difundir la importancia del patrimonio paleontol\u00f3gico de San Pedro y de la zona a trav\u00e9s de centenares de notas period\u00edsticas locales, nacionales e internacionales, as\u00ed como por su apoyo a numerosas publicaciones cient\u00edficas, el empe\u00f1o por transmitir los descubrimientos a los grupos escolares y la creaci\u00f3n de su libro \u201cF\u00f3siles de la Regi\u00f3n Pampeana\u201d, publicado por primera vez en agosto de 2012.<br \/>\nDurante la cena de camarader\u00eda, ofrecida por el Museo Argentino de Ciencias Naturales, uno de los m\u00e1s importantes de Latinoam\u00e9rica y el m\u00e1s antiguo del pa\u00eds, se proyectaron videos que resumieron la trayectoria de cada uno de los homenajeados y se entregaron los diplomas correspondientes.<br \/>\nEl caso de Jos\u00e9 Luis tuvo un condimento muy particular ya que, seg\u00fan sus propias palabras, \u201cfue un gran honor, como simple aficionado o autodidacta, recibir este reconocimiento junto a profesionales de primera l\u00ednea de la paleontolog\u00eda argentina\u201d.<br \/>\nEn sus palabras agradeci\u00f3, en nombre del Grupo Conservacionista de F\u00f3siles, la amabilidad y predisposici\u00f3n que desde siempre demostraron los diferentes profesionales del \u00e1mbito de la paleontolog\u00eda hacia la tarea realizada en San Pedro y la importancia de la interacci\u00f3n con los profesionales para lograr la transmisi\u00f3n del conocimiento que generan los investigadores a la comunidad, a trav\u00e9s de la difusi\u00f3n que realizan los museos del interior, como el Museo Paleontol\u00f3gico de San Pedro.<br \/>\nDe las jornadas participaron investigadores de numerosos centros de Argentina, Brasil, Uruguay, Suiza, Estados Unidos, Bolivia, Paraguay y China.<br \/>\nA continuaci\u00f3n, el detalle de los homenajeados:<br \/>\n1. Jos\u00e9 Luis Aguilar, por su contribuci\u00f3n a la difusi\u00f3n de la paleontolog\u00eda de vertebrados en la Argentina.<br \/>\n2. Jorge Blanco, por su contribuci\u00f3n al Paleoarte de la Argentina.<br \/>\n3. Marcelo Reguero, por sostener la presencia de la paleontolog\u00eda argentina en la Ant\u00e1rtida durante m\u00e1s de 30 a\u00f1os.<br \/>\n4. Leonardo Salgado, por su aporte al conocimiento de los vertebrados mesozoicos de Am\u00e9rica del Sur.<br \/>\n5. Marcelo Isasi, por su contribuci\u00f3n al desarrollo de t\u00e9cnicas paleontol\u00f3gicas en Am\u00e9rica del Sur.<br \/>\n6. Zulma Gasparini, por su contribuci\u00f3n al conocimiento de las faunas de reptiles mesozoicos de Am\u00e9rica del Sur.<br \/>\n\u00abDesde el Grupo Conservacionista desean expresar el profundo agradecimiento a la Comisi\u00f3n Organizadora de las Jornadas, al Museo Argentino de Ciencias Naturales Bernardino Rivadavia, y a todos los sampedrinos que siempre han confiado en la tarea que realiza el Museo Paleontol\u00f3gico de San Pedro\u00bb, expres\u00f3 el grupo en un comunicado.<\/p>\n","protected":false},"excerpt":{"rendered":"<p>El evento, organizado por el Laboratorio de Anatom\u00eda Comparada del Museo Bernardino Rivadavia, se desarroll\u00f3 en la noche del jueves. All\u00ed asisti\u00f3 Jos\u00e9 Luis Aguilar, exdirector de Cultura y fundador del Museo Paleontol\u00f3gico de San Pedro, convocado por la comisi\u00f3n organizadora de las XXX Jornadas Argentinas de Paleontolog\u00eda de Vertebrados. En ese marco, el sampedrino [&hellip;]<\/p>\n","protected":false},"author":4,"featured_media":4606,"comment_status":"open","ping_status":"closed","sticky":false,"template":"","format":"standard","meta":{"om_disable_all_campaigns":false,"_jetpack_memberships_contains_paid_content":false,"footnotes":""},"categories":[50,101,2],"tags":[],"class_list":["post-4605","post","type-post","status-publish","format-standard","has-post-thumbnail","hentry","category-destacadas","category-interes-general-locales","category-locales"],"aioseo_notices":[],"gutentor_comment":0,"jetpack_featured_media_url":"https:\/\/eldiariodesanpedro.com.ar\/sitio\/wp-content\/uploads\/2016\/05\/PAGINA-4.jpeg","jetpack_shortlink":"https:\/\/wp.me\/p6RhLt-1ch","jetpack_sharing_enabled":true,"_links":{"self":[{"href":"https:\/\/eldiariodesanpedro.com.ar\/sitio\/wp-json\/wp\/v2\/posts\/4605","targetHints":{"allow":["GET"]}}],"collection":[{"href":"https:\/\/eldiariodesanpedro.com.ar\/sitio\/wp-json\/wp\/v2\/posts"}],"about":[{"href":"https:\/\/eldiariodesanpedro.com.ar\/sitio\/wp-json\/wp\/v2\/types\/post"}],"author":[{"embeddable":true,"href":"https:\/\/eldiariodesanpedro.com.ar\/sitio\/wp-json\/wp\/v2\/users\/4"}],"replies":[{"embeddable":true,"href":"https:\/\/eldiariodesanpedro.com.ar\/sitio\/wp-json\/wp\/v2\/comments?post=4605"}],"version-history":[{"count":1,"href":"https:\/\/eldiariodesanpedro.com.ar\/sitio\/wp-json\/wp\/v2\/posts\/4605\/revisions"}],"predecessor-version":[{"id":4607,"href":"https:\/\/eldiariodesanpedro.com.ar\/sitio\/wp-json\/wp\/v2\/posts\/4605\/revisions\/4607"}],"wp:featuredmedia":[{"embeddable":true,"href":"https:\/\/eldiariodesanpedro.com.ar\/sitio\/wp-json\/wp\/v2\/media\/4606"}],"wp:attachment":[{"href":"https:\/\/eldiariodesanpedro.com.ar\/sitio\/wp-json\/wp\/v2\/media?parent=4605"}],"wp:term":[{"taxonomy":"category","embeddable":true,"href":"https:\/\/eldiariodesanpedro.com.ar\/sitio\/wp-json\/wp\/v2\/categories?post=4605"},{"taxonomy":"post_tag","embeddable":true,"href":"https:\/\/eldiariodesanpedro.com.ar\/sitio\/wp-json\/wp\/v2\/tags?post=4605"}],"curies":[{"name":"wp","href":"https:\/\/api.w.org\/{rel}","templated":true}]}}