{"id":46042,"date":"2019-01-16T12:09:52","date_gmt":"2019-01-16T15:09:52","guid":{"rendered":"https:\/\/eldiariodesanpedro.com.ar\/sitio\/?p=46042"},"modified":"2019-01-16T12:10:00","modified_gmt":"2019-01-16T15:10:00","slug":"zarate-tenia-salidas-transitorias-pero-no-volvio-fue-detenido","status":"publish","type":"post","link":"https:\/\/eldiariodesanpedro.com.ar\/sitio\/zarate-tenia-salidas-transitorias-pero-no-volvio-fue-detenido\/","title":{"rendered":"Z\u00c1RATE: Ten\u00eda salidas transitorias, pero no volvi\u00f3: fue detenido"},"content":{"rendered":"<!-- VideographyWP Plugin Message: Automatic video embedding prevented by plugin options. -->\n\n<p>\n\nLa DDI local logr\u00f3 regresar a prisi\u00f3n a un sujeto de 23 a\u00f1os, quien desde noviembre incumpl\u00eda con los requerimientos del beneficio. Fue capturado en Z\u00e1rate.<\/p>\n\n\n\n<p>Un recluso de la Unidad Penitenciaria N\u00b0 21 fue recapturado tras incumplir el r\u00e9gimen de salidas transitorias, ausent\u00e1ndose desde noviembre a las presentaciones peri\u00f3dicas.&nbsp;<\/p>\n\n\n\n<p>Se trata de Sebasti\u00e1n Pucheta, de 23 a\u00f1os, quien fue capturado por personal de la DDI en el barrio Villa Nueva, de Z\u00e1rate.<\/p>\n\n\n\n<p>Originalmente, Pucheta hab\u00eda sido detenido por el delito de \u201cRobo calificado por escalamiento\u201d. <\/p>\n\n\n\n<p>Fuente: <a href=\"http:\/\/www.campananoticias.com\">Campana Noticias<\/a><\/p>\n","protected":false},"excerpt":{"rendered":"<p>La DDI local logr\u00f3 regresar a prisi\u00f3n a un sujeto de 23 a\u00f1os, quien desde noviembre incumpl\u00eda con los requerimientos del beneficio. Fue capturado en Z\u00e1rate. Un recluso de la Unidad Penitenciaria N\u00b0 21 fue recapturado tras incumplir el r\u00e9gimen de salidas transitorias, ausent\u00e1ndose desde noviembre a las presentaciones peri\u00f3dicas.&nbsp; Se trata de Sebasti\u00e1n Pucheta, [&hellip;]<\/p>\n","protected":false},"author":4,"featured_media":46043,"comment_status":"open","ping_status":"closed","sticky":false,"template":"","format":"standard","meta":{"om_disable_all_campaigns":false,"_jetpack_memberships_contains_paid_content":false,"footnotes":""},"categories":[621],"tags":[],"class_list":["post-46042","post","type-post","status-publish","format-standard","has-post-thumbnail","hentry","category-regionales"],"aioseo_notices":[],"gutentor_comment":0,"jetpack_featured_media_url":"https:\/\/eldiariodesanpedro.com.ar\/sitio\/wp-content\/uploads\/2019\/01\/20190116103225.jpg","jetpack_shortlink":"https:\/\/wp.me\/p6RhLt-bYC","jetpack_sharing_enabled":true,"_links":{"self":[{"href":"https:\/\/eldiariodesanpedro.com.ar\/sitio\/wp-json\/wp\/v2\/posts\/46042","targetHints":{"allow":["GET"]}}],"collection":[{"href":"https:\/\/eldiariodesanpedro.com.ar\/sitio\/wp-json\/wp\/v2\/posts"}],"about":[{"href":"https:\/\/eldiariodesanpedro.com.ar\/sitio\/wp-json\/wp\/v2\/types\/post"}],"author":[{"embeddable":true,"href":"https:\/\/eldiariodesanpedro.com.ar\/sitio\/wp-json\/wp\/v2\/users\/4"}],"replies":[{"embeddable":true,"href":"https:\/\/eldiariodesanpedro.com.ar\/sitio\/wp-json\/wp\/v2\/comments?post=46042"}],"version-history":[{"count":1,"href":"https:\/\/eldiariodesanpedro.com.ar\/sitio\/wp-json\/wp\/v2\/posts\/46042\/revisions"}],"predecessor-version":[{"id":46044,"href":"https:\/\/eldiariodesanpedro.com.ar\/sitio\/wp-json\/wp\/v2\/posts\/46042\/revisions\/46044"}],"wp:featuredmedia":[{"embeddable":true,"href":"https:\/\/eldiariodesanpedro.com.ar\/sitio\/wp-json\/wp\/v2\/media\/46043"}],"wp:attachment":[{"href":"https:\/\/eldiariodesanpedro.com.ar\/sitio\/wp-json\/wp\/v2\/media?parent=46042"}],"wp:term":[{"taxonomy":"category","embeddable":true,"href":"https:\/\/eldiariodesanpedro.com.ar\/sitio\/wp-json\/wp\/v2\/categories?post=46042"},{"taxonomy":"post_tag","embeddable":true,"href":"https:\/\/eldiariodesanpedro.com.ar\/sitio\/wp-json\/wp\/v2\/tags?post=46042"}],"curies":[{"name":"wp","href":"https:\/\/api.w.org\/{rel}","templated":true}]}}