{"id":46039,"date":"2019-01-16T12:06:46","date_gmt":"2019-01-16T15:06:46","guid":{"rendered":"https:\/\/eldiariodesanpedro.com.ar\/sitio\/?p=46039"},"modified":"2019-01-16T12:06:54","modified_gmt":"2019-01-16T15:06:54","slug":"san-nicolas-cae-banda-dedicada-a-robar-motos-y-bicicletas","status":"publish","type":"post","link":"https:\/\/eldiariodesanpedro.com.ar\/sitio\/san-nicolas-cae-banda-dedicada-a-robar-motos-y-bicicletas\/","title":{"rendered":"SAN NICOL\u00c1S: Cae banda dedicada a robar motos y bicicletas"},"content":{"rendered":"<!-- VideographyWP Plugin Message: Automatic video embedding prevented by plugin options. -->\n\n<p>\n\nA ra\u00edz de una denuncia sentada este s\u00e1bado 12 de enero, la Fiscal\u00eda N\u00b0 6 logr\u00f3 aprehender a dos sujetos miembros de una banda delictiva que se dedicaba a robar motos y bicicletas en la ciudad.<\/p>\n\n\n\n<p>Una mujer hab\u00eda denunciado que sujetos ignorados le sustrajeron del interior de la cochera de su domicilio en Av. Savio al 50 aproximadamente, su moto Honda Elite.<br><br>De inmediato se inici\u00f3 una investigaci\u00f3n y gracias a las pruebas recolectadas en el lugar del hecho y a las grabaciones del Centro de Monitoreo Municipal, lograron identificar al autor del robo.<br><br>Se trata de un joven de 18 a\u00f1os que junto con otras personas se dedican a delinquir.<br><br>La polic\u00eda mont\u00f3 un operativo de interceptaci\u00f3n logr\u00e1ndolo aprehender con el rodado robado. Adem\u00e1s, se orden\u00f3 un allanamiento de urgencia para con su domicilio en barrio Alcoholera, donde fue aprehendido otro sujeto de 31 a\u00f1os, integrante de la misma banda.<br><br>En el lugar se secuestr\u00f3 un casco, un par de guantes, espejos retrovisores , chaleco refractario, entre otros elementos.<br><br>Ambos quedaron imputados por el delito de \u201cHURTO AGRAVADO (POR VEH\u00cdCULOS DEJADOS EN LA V\u00cdA P\u00daBLICA)\u201d.<\/p>\n\n\n\n<p>Fuente: <a href=\"http:\/\/www.diarioelinformante.com.ar\">Diario El Informante<\/a><\/p>\n","protected":false},"excerpt":{"rendered":"<p>A ra\u00edz de una denuncia sentada este s\u00e1bado 12 de enero, la Fiscal\u00eda N\u00b0 6 logr\u00f3 aprehender a dos sujetos miembros de una banda delictiva que se dedicaba a robar motos y bicicletas en la ciudad. Una mujer hab\u00eda denunciado que sujetos ignorados le sustrajeron del interior de la cochera de su domicilio en Av. [&hellip;]<\/p>\n","protected":false},"author":4,"featured_media":46040,"comment_status":"open","ping_status":"closed","sticky":false,"template":"","format":"standard","meta":{"om_disable_all_campaigns":false,"_jetpack_memberships_contains_paid_content":false,"footnotes":""},"categories":[621],"tags":[],"class_list":["post-46039","post","type-post","status-publish","format-standard","has-post-thumbnail","hentry","category-regionales"],"aioseo_notices":[],"gutentor_comment":0,"jetpack_featured_media_url":"https:\/\/eldiariodesanpedro.com.ar\/sitio\/wp-content\/uploads\/2019\/01\/no_23z8xkk658g203wpol_1.jpg","jetpack_shortlink":"https:\/\/wp.me\/p6RhLt-bYz","jetpack_sharing_enabled":true,"_links":{"self":[{"href":"https:\/\/eldiariodesanpedro.com.ar\/sitio\/wp-json\/wp\/v2\/posts\/46039","targetHints":{"allow":["GET"]}}],"collection":[{"href":"https:\/\/eldiariodesanpedro.com.ar\/sitio\/wp-json\/wp\/v2\/posts"}],"about":[{"href":"https:\/\/eldiariodesanpedro.com.ar\/sitio\/wp-json\/wp\/v2\/types\/post"}],"author":[{"embeddable":true,"href":"https:\/\/eldiariodesanpedro.com.ar\/sitio\/wp-json\/wp\/v2\/users\/4"}],"replies":[{"embeddable":true,"href":"https:\/\/eldiariodesanpedro.com.ar\/sitio\/wp-json\/wp\/v2\/comments?post=46039"}],"version-history":[{"count":1,"href":"https:\/\/eldiariodesanpedro.com.ar\/sitio\/wp-json\/wp\/v2\/posts\/46039\/revisions"}],"predecessor-version":[{"id":46041,"href":"https:\/\/eldiariodesanpedro.com.ar\/sitio\/wp-json\/wp\/v2\/posts\/46039\/revisions\/46041"}],"wp:featuredmedia":[{"embeddable":true,"href":"https:\/\/eldiariodesanpedro.com.ar\/sitio\/wp-json\/wp\/v2\/media\/46040"}],"wp:attachment":[{"href":"https:\/\/eldiariodesanpedro.com.ar\/sitio\/wp-json\/wp\/v2\/media?parent=46039"}],"wp:term":[{"taxonomy":"category","embeddable":true,"href":"https:\/\/eldiariodesanpedro.com.ar\/sitio\/wp-json\/wp\/v2\/categories?post=46039"},{"taxonomy":"post_tag","embeddable":true,"href":"https:\/\/eldiariodesanpedro.com.ar\/sitio\/wp-json\/wp\/v2\/tags?post=46039"}],"curies":[{"name":"wp","href":"https:\/\/api.w.org\/{rel}","templated":true}]}}