{"id":46030,"date":"2019-01-16T11:51:04","date_gmt":"2019-01-16T14:51:04","guid":{"rendered":"https:\/\/eldiariodesanpedro.com.ar\/sitio\/?p=46030"},"modified":"2019-01-16T11:51:15","modified_gmt":"2019-01-16T14:51:15","slug":"ramallo-bomberos-rescataron-a-un-conductor-atrapado","status":"publish","type":"post","link":"https:\/\/eldiariodesanpedro.com.ar\/sitio\/ramallo-bomberos-rescataron-a-un-conductor-atrapado\/","title":{"rendered":"RAMALLO: Bomberos rescataron a un conductor atrapado"},"content":{"rendered":"<!-- VideographyWP Plugin Message: Automatic video embedding prevented by plugin options. -->\n\n<p>Fue despu\u00e9s de que dos camiones colisionan en la ruta 9 en un rescate muy complicado.<\/p>\n\n\n\n<p>El lunes no fue un arranque de semana tranquilo para los h\u00e9roes voluntarios de nuestro cuartel de bomberos. Pasadas las 8 y media de la ma\u00f1ana una dotaci\u00f3n fue convocada para asistir a sus colegas de San Nicol\u00e1s debido a un choque entre dos camiones<\/p>\n\n\n\n<p>Fue en la Ruta 9, km 233 donde los veh\u00edculos impactaron, dejando como saldo a un chofer atrapado entre los hierros de la cabina de uno de estos. Mediante la estrategia de los especialistas y herramientas hidr\u00e1ulicas, se logr\u00f3 liberar a la v\u00edctima.<\/p>\n\n\n\n<p>El conductor fue trasladado inmediatamente al hospital San Felipe por el SAME de San Nicol\u00e1s.<\/p>\n\n\n\n<p>Fuente: <a href=\"https:\/\/www.ramalloinforma.com.ar\">Ramallo Informa<\/a><\/p>\n","protected":false},"excerpt":{"rendered":"<p>Fue despu\u00e9s de que dos camiones colisionan en la ruta 9 en un rescate muy complicado. El lunes no fue un arranque de semana tranquilo para los h\u00e9roes voluntarios de nuestro cuartel de bomberos. Pasadas las 8 y media de la ma\u00f1ana una dotaci\u00f3n fue convocada para asistir a sus colegas de San Nicol\u00e1s debido [&hellip;]<\/p>\n","protected":false},"author":4,"featured_media":46031,"comment_status":"open","ping_status":"closed","sticky":false,"template":"","format":"standard","meta":{"om_disable_all_campaigns":false,"_jetpack_memberships_contains_paid_content":false,"footnotes":""},"categories":[621],"tags":[],"class_list":["post-46030","post","type-post","status-publish","format-standard","has-post-thumbnail","hentry","category-regionales"],"aioseo_notices":[],"gutentor_comment":0,"jetpack_featured_media_url":"https:\/\/eldiariodesanpedro.com.ar\/sitio\/wp-content\/uploads\/2019\/01\/bomberos-1.jpg","jetpack_shortlink":"https:\/\/wp.me\/p6RhLt-bYq","jetpack_sharing_enabled":true,"_links":{"self":[{"href":"https:\/\/eldiariodesanpedro.com.ar\/sitio\/wp-json\/wp\/v2\/posts\/46030","targetHints":{"allow":["GET"]}}],"collection":[{"href":"https:\/\/eldiariodesanpedro.com.ar\/sitio\/wp-json\/wp\/v2\/posts"}],"about":[{"href":"https:\/\/eldiariodesanpedro.com.ar\/sitio\/wp-json\/wp\/v2\/types\/post"}],"author":[{"embeddable":true,"href":"https:\/\/eldiariodesanpedro.com.ar\/sitio\/wp-json\/wp\/v2\/users\/4"}],"replies":[{"embeddable":true,"href":"https:\/\/eldiariodesanpedro.com.ar\/sitio\/wp-json\/wp\/v2\/comments?post=46030"}],"version-history":[{"count":1,"href":"https:\/\/eldiariodesanpedro.com.ar\/sitio\/wp-json\/wp\/v2\/posts\/46030\/revisions"}],"predecessor-version":[{"id":46032,"href":"https:\/\/eldiariodesanpedro.com.ar\/sitio\/wp-json\/wp\/v2\/posts\/46030\/revisions\/46032"}],"wp:featuredmedia":[{"embeddable":true,"href":"https:\/\/eldiariodesanpedro.com.ar\/sitio\/wp-json\/wp\/v2\/media\/46031"}],"wp:attachment":[{"href":"https:\/\/eldiariodesanpedro.com.ar\/sitio\/wp-json\/wp\/v2\/media?parent=46030"}],"wp:term":[{"taxonomy":"category","embeddable":true,"href":"https:\/\/eldiariodesanpedro.com.ar\/sitio\/wp-json\/wp\/v2\/categories?post=46030"},{"taxonomy":"post_tag","embeddable":true,"href":"https:\/\/eldiariodesanpedro.com.ar\/sitio\/wp-json\/wp\/v2\/tags?post=46030"}],"curies":[{"name":"wp","href":"https:\/\/api.w.org\/{rel}","templated":true}]}}