{"id":46029,"date":"2019-01-16T12:20:53","date_gmt":"2019-01-16T15:20:53","guid":{"rendered":"https:\/\/eldiariodesanpedro.com.ar\/sitio\/?p=46029"},"modified":"2019-01-16T14:27:48","modified_gmt":"2019-01-16T17:27:48","slug":"rio-tala-jovenes-corriendo-a-caballo-destrozaron-la-plaza","status":"publish","type":"post","link":"https:\/\/eldiariodesanpedro.com.ar\/sitio\/rio-tala-jovenes-corriendo-a-caballo-destrozaron-la-plaza\/","title":{"rendered":"Rio Tala: J\u00f3venes corriendo a caballo destrozaron la plaza"},"content":{"rendered":"<!-- VideographyWP Plugin Message: Automatic video embedding prevented by plugin options. -->\n\n<p>Sucedi\u00f3 en la plaza Juan Bautista Zucchi que se encuentra frente a la delegaci\u00f3n y el destacamento  policial. Un grupo de j\u00f3venes corr\u00edan carrera a caballo por el lugar.<\/p>\n\n\n\n<p>Esta ma\u00f1ana se conocieron las im\u00e1genes que empleados de la municipalidad que trabajaban en el lugar dieron de conocer a un medio de comunicacion de la localidad \u00abRadio Rep\u00fablica\u00bb FM 107.7<\/p>\n\n\n\n<p>Dialogamos con Natalia Romero, directora y locutora de la emisora quien muy indignada nos contaba:<\/p>\n\n\n\n<p>\u00bb Con gran tristeza e indignaci\u00f3n,   yo misma, con mis propios ojos, he visto la \u00abdesidia\u00bb que es R\u00cdO TALA con respecto a las Autoridades que podr\u00edan mejorar esta situaci\u00f3n, hemos realizado las \u00abdenuncias\u00bb de cada episodio de falta de cuidado, respeto y amor por cada Instituci\u00f3n de nuestro Pueblo, hemos pedido la intervenci\u00f3n de los \u00abArrieros\u00bb que en su momento se acercaron a la localidad, tambien personalmente he concurrido al Destacamento de R\u00edo Tala y comunicado a la Oficial de turno, que hab\u00eda \u00abj\u00f3venes a caballo en la plaza\u00bb, y solo obtuve como respuesta ..  ah, es normal!\u00bb<\/p>\n\n\n\n<p>\u00abNo nos queremos adaptar a ver nuestro pueblo de esta manera, descuidada\u00bb<\/p>\n\n\n\n<p>Ademas por ultimo hizo un pedido a la comunidad:<\/p>\n\n\n\n<p>\u00abSi vez este tipo de actitudes y no dec\u00eds nada, no ejerces tu autoridad como vecino, como parte de nuestro pueblo, entonces veremos cosas peores, creo que es el momento de unirnos para cuidarnos entre todos, hay autoridades, si, es cierto, pero tambi\u00e9n es nuestra responsabilidad de agotar todas las instancias para que nos escuchen y se tomen las medidas necesarias, quiero ver a mi pueblo hermoso y prolijo\u00bb.<\/p>\n\n\n\n<ul class=\"wp-block-gallery columns-3 is-cropped wp-block-gallery-1 is-layout-flex wp-block-gallery-is-layout-flex\"><li class=\"blocks-gallery-item\"><figure><img decoding=\"async\" width=\"540\" height=\"960\" data-attachment-id=\"46045\" data-permalink=\"https:\/\/eldiariodesanpedro.com.ar\/sitio\/rio-tala-jovenes-corriendo-a-caballo-destrozaron-la-plaza\/49896989_1062917373880925_5655765411006775296_n\/\" data-orig-file=\"https:\/\/eldiariodesanpedro.com.ar\/sitio\/wp-content\/uploads\/2019\/01\/49896989_1062917373880925_5655765411006775296_n.jpg\" data-orig-size=\"540,960\" data-comments-opened=\"1\" data-image-meta=\"{&quot;aperture&quot;:&quot;0&quot;,&quot;credit&quot;:&quot;&quot;,&quot;camera&quot;:&quot;&quot;,&quot;caption&quot;:&quot;&quot;,&quot;created_timestamp&quot;:&quot;0&quot;,&quot;copyright&quot;:&quot;&quot;,&quot;focal_length&quot;:&quot;0&quot;,&quot;iso&quot;:&quot;0&quot;,&quot;shutter_speed&quot;:&quot;0&quot;,&quot;title&quot;:&quot;&quot;,&quot;orientation&quot;:&quot;0&quot;}\" data-image-title=\"49896989_1062917373880925_5655765411006775296_n\" data-image-description=\"\" data-image-caption=\"\" data-large-file=\"https:\/\/eldiariodesanpedro.com.ar\/sitio\/wp-content\/uploads\/2019\/01\/49896989_1062917373880925_5655765411006775296_n.jpg\" data-src=\"https:\/\/eldiariodesanpedro.com.ar\/sitio\/wp-content\/uploads\/2019\/01\/49896989_1062917373880925_5655765411006775296_n.jpg\" alt=\"\" data-id=\"46045\" data-link=\"https:\/\/eldiariodesanpedro.com.ar\/sitio\/?attachment_id=46045\" class=\"wp-image-46045 lazyload\" data-srcset=\"https:\/\/eldiariodesanpedro.com.ar\/sitio\/wp-content\/uploads\/2019\/01\/49896989_1062917373880925_5655765411006775296_n.jpg 540w, https:\/\/eldiariodesanpedro.com.ar\/sitio\/wp-content\/uploads\/2019\/01\/49896989_1062917373880925_5655765411006775296_n-169x300.jpg 169w\" data-sizes=\"(max-width: 540px) 100vw, 540px\" src=\"data:image\/svg+xml;base64,PHN2ZyB3aWR0aD0iMSIgaGVpZ2h0PSIxIiB4bWxucz0iaHR0cDovL3d3dy53My5vcmcvMjAwMC9zdmciPjwvc3ZnPg==\" style=\"--smush-placeholder-width: 540px; --smush-placeholder-aspect-ratio: 540\/960;\" \/><\/figure><\/li><li class=\"blocks-gallery-item\"><figure><img decoding=\"async\" width=\"540\" height=\"960\" data-attachment-id=\"46046\" data-permalink=\"https:\/\/eldiariodesanpedro.com.ar\/sitio\/rio-tala-jovenes-corriendo-a-caballo-destrozaron-la-plaza\/50080187_1062921987213797_6898112077496320000_n\/\" data-orig-file=\"https:\/\/eldiariodesanpedro.com.ar\/sitio\/wp-content\/uploads\/2019\/01\/50080187_1062921987213797_6898112077496320000_n.jpg\" data-orig-size=\"540,960\" data-comments-opened=\"1\" data-image-meta=\"{&quot;aperture&quot;:&quot;0&quot;,&quot;credit&quot;:&quot;&quot;,&quot;camera&quot;:&quot;&quot;,&quot;caption&quot;:&quot;&quot;,&quot;created_timestamp&quot;:&quot;0&quot;,&quot;copyright&quot;:&quot;&quot;,&quot;focal_length&quot;:&quot;0&quot;,&quot;iso&quot;:&quot;0&quot;,&quot;shutter_speed&quot;:&quot;0&quot;,&quot;title&quot;:&quot;&quot;,&quot;orientation&quot;:&quot;0&quot;}\" data-image-title=\"50080187_1062921987213797_6898112077496320000_n\" data-image-description=\"\" data-image-caption=\"\" data-large-file=\"https:\/\/eldiariodesanpedro.com.ar\/sitio\/wp-content\/uploads\/2019\/01\/50080187_1062921987213797_6898112077496320000_n.jpg\" data-src=\"https:\/\/eldiariodesanpedro.com.ar\/sitio\/wp-content\/uploads\/2019\/01\/50080187_1062921987213797_6898112077496320000_n.jpg\" alt=\"\" data-id=\"46046\" data-link=\"https:\/\/eldiariodesanpedro.com.ar\/sitio\/?attachment_id=46046\" class=\"wp-image-46046 lazyload\" data-srcset=\"https:\/\/eldiariodesanpedro.com.ar\/sitio\/wp-content\/uploads\/2019\/01\/50080187_1062921987213797_6898112077496320000_n.jpg 540w, https:\/\/eldiariodesanpedro.com.ar\/sitio\/wp-content\/uploads\/2019\/01\/50080187_1062921987213797_6898112077496320000_n-169x300.jpg 169w\" data-sizes=\"(max-width: 540px) 100vw, 540px\" src=\"data:image\/svg+xml;base64,PHN2ZyB3aWR0aD0iMSIgaGVpZ2h0PSIxIiB4bWxucz0iaHR0cDovL3d3dy53My5vcmcvMjAwMC9zdmciPjwvc3ZnPg==\" style=\"--smush-placeholder-width: 540px; --smush-placeholder-aspect-ratio: 540\/960;\" \/><\/figure><\/li><li class=\"blocks-gallery-item\"><figure><img decoding=\"async\" width=\"540\" height=\"960\" data-attachment-id=\"46047\" data-permalink=\"https:\/\/eldiariodesanpedro.com.ar\/sitio\/rio-tala-jovenes-corriendo-a-caballo-destrozaron-la-plaza\/50287043_1062917343880928_9000283519875809280_n\/\" data-orig-file=\"https:\/\/eldiariodesanpedro.com.ar\/sitio\/wp-content\/uploads\/2019\/01\/50287043_1062917343880928_9000283519875809280_n.jpg\" data-orig-size=\"540,960\" data-comments-opened=\"1\" data-image-meta=\"{&quot;aperture&quot;:&quot;0&quot;,&quot;credit&quot;:&quot;&quot;,&quot;camera&quot;:&quot;&quot;,&quot;caption&quot;:&quot;&quot;,&quot;created_timestamp&quot;:&quot;0&quot;,&quot;copyright&quot;:&quot;&quot;,&quot;focal_length&quot;:&quot;0&quot;,&quot;iso&quot;:&quot;0&quot;,&quot;shutter_speed&quot;:&quot;0&quot;,&quot;title&quot;:&quot;&quot;,&quot;orientation&quot;:&quot;0&quot;}\" data-image-title=\"50287043_1062917343880928_9000283519875809280_n\" data-image-description=\"\" data-image-caption=\"\" data-large-file=\"https:\/\/eldiariodesanpedro.com.ar\/sitio\/wp-content\/uploads\/2019\/01\/50287043_1062917343880928_9000283519875809280_n.jpg\" data-src=\"https:\/\/eldiariodesanpedro.com.ar\/sitio\/wp-content\/uploads\/2019\/01\/50287043_1062917343880928_9000283519875809280_n.jpg\" alt=\"\" data-id=\"46047\" data-link=\"https:\/\/eldiariodesanpedro.com.ar\/sitio\/?attachment_id=46047\" class=\"wp-image-46047 lazyload\" data-srcset=\"https:\/\/eldiariodesanpedro.com.ar\/sitio\/wp-content\/uploads\/2019\/01\/50287043_1062917343880928_9000283519875809280_n.jpg 540w, https:\/\/eldiariodesanpedro.com.ar\/sitio\/wp-content\/uploads\/2019\/01\/50287043_1062917343880928_9000283519875809280_n-169x300.jpg 169w\" data-sizes=\"(max-width: 540px) 100vw, 540px\" src=\"data:image\/svg+xml;base64,PHN2ZyB3aWR0aD0iMSIgaGVpZ2h0PSIxIiB4bWxucz0iaHR0cDovL3d3dy53My5vcmcvMjAwMC9zdmciPjwvc3ZnPg==\" style=\"--smush-placeholder-width: 540px; --smush-placeholder-aspect-ratio: 540\/960;\" \/><\/figure><\/li><\/ul>\n","protected":false},"excerpt":{"rendered":"<p>Sucedi\u00f3 en la plaza Juan Bautista Zucchi que se encuentra frente a la delegaci\u00f3n y el destacamento policial. Un grupo de j\u00f3venes corr\u00edan carrera a caballo por el lugar. Esta ma\u00f1ana se conocieron las im\u00e1genes que empleados de la municipalidad que trabajaban en el lugar dieron de conocer a un medio de comunicacion de la [&hellip;]<\/p>\n","protected":false},"author":4,"featured_media":46047,"comment_status":"open","ping_status":"closed","sticky":false,"template":"","format":"standard","meta":{"om_disable_all_campaigns":false,"_jetpack_memberships_contains_paid_content":false,"footnotes":""},"categories":[101,2],"tags":[],"class_list":["post-46029","post","type-post","status-publish","format-standard","has-post-thumbnail","hentry","category-interes-general-locales","category-locales"],"aioseo_notices":[],"gutentor_comment":0,"jetpack_featured_media_url":"https:\/\/eldiariodesanpedro.com.ar\/sitio\/wp-content\/uploads\/2019\/01\/50287043_1062917343880928_9000283519875809280_n.jpg","jetpack_shortlink":"https:\/\/wp.me\/p6RhLt-bYp","jetpack_sharing_enabled":true,"_links":{"self":[{"href":"https:\/\/eldiariodesanpedro.com.ar\/sitio\/wp-json\/wp\/v2\/posts\/46029","targetHints":{"allow":["GET"]}}],"collection":[{"href":"https:\/\/eldiariodesanpedro.com.ar\/sitio\/wp-json\/wp\/v2\/posts"}],"about":[{"href":"https:\/\/eldiariodesanpedro.com.ar\/sitio\/wp-json\/wp\/v2\/types\/post"}],"author":[{"embeddable":true,"href":"https:\/\/eldiariodesanpedro.com.ar\/sitio\/wp-json\/wp\/v2\/users\/4"}],"replies":[{"embeddable":true,"href":"https:\/\/eldiariodesanpedro.com.ar\/sitio\/wp-json\/wp\/v2\/comments?post=46029"}],"version-history":[{"count":1,"href":"https:\/\/eldiariodesanpedro.com.ar\/sitio\/wp-json\/wp\/v2\/posts\/46029\/revisions"}],"predecessor-version":[{"id":46048,"href":"https:\/\/eldiariodesanpedro.com.ar\/sitio\/wp-json\/wp\/v2\/posts\/46029\/revisions\/46048"}],"wp:featuredmedia":[{"embeddable":true,"href":"https:\/\/eldiariodesanpedro.com.ar\/sitio\/wp-json\/wp\/v2\/media\/46047"}],"wp:attachment":[{"href":"https:\/\/eldiariodesanpedro.com.ar\/sitio\/wp-json\/wp\/v2\/media?parent=46029"}],"wp:term":[{"taxonomy":"category","embeddable":true,"href":"https:\/\/eldiariodesanpedro.com.ar\/sitio\/wp-json\/wp\/v2\/categories?post=46029"},{"taxonomy":"post_tag","embeddable":true,"href":"https:\/\/eldiariodesanpedro.com.ar\/sitio\/wp-json\/wp\/v2\/tags?post=46029"}],"curies":[{"name":"wp","href":"https:\/\/api.w.org\/{rel}","templated":true}]}}