{"id":46023,"date":"2019-01-16T10:21:07","date_gmt":"2019-01-16T13:21:07","guid":{"rendered":"https:\/\/eldiariodesanpedro.com.ar\/sitio\/?p=46023"},"modified":"2019-01-16T11:36:47","modified_gmt":"2019-01-16T14:36:47","slug":"denuncian-por-abuso-sexual-a-reconocido-profesional-de-la-ciudad","status":"publish","type":"post","link":"https:\/\/eldiariodesanpedro.com.ar\/sitio\/denuncian-por-abuso-sexual-a-reconocido-profesional-de-la-ciudad\/","title":{"rendered":"Denuncian por abuso sexual a reconocido profesional de la ciudad"},"content":{"rendered":"<!-- VideographyWP Plugin Message: Automatic video embedding prevented by plugin options. -->\n\n<p> La misma fue radicada por la hija de una ex pareja del acusado que era menor cuando se sucedieron los hechos. La denuncia se efectu\u00f3 en diciembre y ratificada este martes en la Fiscal\u00eda N\u00b0 5.&nbsp; <\/p>\n\n\n\n<p>Una joven mujer que actualmente tiene 21 a\u00f1os ratific\u00f3 durante la ma\u00f1ana del martes una denuncia por abuso sexual contra una persona muy reconocida por sus distintas tareas al servicio de la comunidad y que actualmente se desempe\u00f1a como profesional del derecho y comerciante de la ciudad, quien habr\u00eda cometido estos actos cuando ella era menor y aprovechaba la relaci\u00f3n de convivencia-concubinato&nbsp; que manten\u00eda con su madre para llevar adelante el delito m\u00e1s aberrante.&nbsp;<\/p>\n\n\n\n<p><br>El il\u00edcito ya hab\u00eda sido denunciado en el mes de diciembre y ahora fue refrendado por la v\u00edctima en la Fiscal\u00eda N\u00b0 5 del Dr. Marcelo Manso. Mientras tanto, el abogado de la denunciante, reconocido por ser uno de los letrados con las causas m\u00e1s resonantes de la ciudad, solicit\u00f3 que el delito sea caratulado como \u201cabuso sexual gravemente ultrajante por su forma y duraci\u00f3n, doblemente agravado por resultar un da\u00f1o a la salud f\u00edsica y mental y por ser cometido contra una menor\u201d, adem\u00e1s de aprovechar la situaci\u00f3n de convivencia con la v\u00edctima y ser ocasionalmente el encargado de su cuidado.&nbsp;<\/p>\n\n\n\n<p><br>Seg\u00fan consta en la denuncia los hechos se habr\u00edan desencadenado cuando la mujer ten\u00eda entre 12 y 13 a\u00f1os aproximadamente en el a\u00f1o 2009 y si bien unos a\u00f1os despu\u00e9s se anim\u00f3 a contar el calvario que viv\u00eda reci\u00e9n ahora tom\u00f3 la decisi\u00f3n de hacerlo en la justicia.&nbsp;&nbsp;<\/p>\n\n\n\n<p>El denunciado es el abogado Emilio Esteve, quien a la vez durante todos estos a\u00f1os cumpli\u00f3 varias funciones en distintas entidades de la ciudad,&nbsp;lleg\u00f3 a ser concejal de la UCR y Jefe de Bomberos Voluntarios.&nbsp;<\/p>\n\n\n\n<p>A todo esto, la v\u00edctima, decidi\u00f3 acudir a los medios para contar lo que le sucedi\u00f3 y que ahora comienza a ser tramitado a trav\u00e9s de la justicia.&nbsp;&nbsp;<br>\u201cRatifiqu\u00e9 la denuncia contra Emilio Esteve por haber sufrido abusos en reiteradas veces cuando ten\u00eda 12 a\u00f1os\u201d, dijo la joven al portal San Pedro Informa.<\/p>\n\n\n\n<p>\u201c\u00c9l era la pareja de mi vieja entonces conviv\u00eda con nosotros, pero por las noches ingresaba a mi cuarto y abusaba de m\u00ed\u201d, afirm\u00f3.&nbsp;<br>\u201cSent\u00eda terror. Primero dejaba la puerta abierta pero despu\u00e9s por miedo la trababa con un mueble y con un llamador de \u00e1ngel\u201d.<\/p>\n\n\n\n<p>\u201cPasaron como 10 a\u00f1os hasta que decid\u00ed hacer la denuncia\u201d, se\u00f1al\u00f3 la mujer. \u201cAl cont\u00e1rselo a mi mam\u00e1, ella se separ\u00f3 y no lo vi m\u00e1s. Ah\u00ed pareci\u00f3 que todo volv\u00eda a la normalidad pero siempre con tratamiento psicol\u00f3gico\u201d.<br>\u201cEsto me provoc\u00f3 varios trastornos y problemas de salud\u201d, cont\u00f3.<\/p>\n\n\n\n<p>\u201cNadie se daba cuenta de lo que me pasaba hasta que pude contarlo pero me ayud\u00f3 mucho mi novio, la psic\u00f3loga y pens\u00e9 en hacer algo como un escrache por ejemplo\u201d.&nbsp;<br>\u201cTodo lo que est\u00e1 pasando ahora me moviliz\u00f3 y me di cuenta de que no era la \u00fanica. Me acuerdo que cuando lo ven\u00eda hablando con la psic\u00f3loga se lo comento a mi novio, fue antes de que pasara lo de Thelma (Fard\u00edn). Hablando con mis amigas de estos temas alguna dijo que cont\u00e1ramos si algo hab\u00eda pasado y ah\u00ed cont\u00e9\u201d.<\/p>\n\n\n\n<p>\u201cLa denuncia fue radicada en diciembre, primero pens\u00e9 en escracharlo pero despu\u00e9s decid\u00ed que era mejor hacerlo en la justicia. Todos me acompa\u00f1aron, mi familia, mi mam\u00e1, mis amigos, todos\u201d.<br>Adem\u00e1s recuerda que ten\u00eda alergias y que se brotaba en distintas partes del cuerpo.&nbsp;<\/p>\n\n\n\n<p>En la presentaci\u00f3n judicial aparecen detalles de c\u00f3mo eran los d\u00edas de la joven durante esa etapa de su vida, pero todo cambi\u00f3 cuando ella cumpli\u00f3 los 15 a\u00f1os y regres\u00f3 del viaje que realiz\u00f3 a Disney. All\u00ed lo enfrent\u00f3 y el propio denunciado le habr\u00eda pedido perd\u00f3n \u201cpor las cosas que hab\u00edan pasado\u201d y hasta le solicit\u00f3 que la abrace. Es m\u00e1s, aparecen testigos que asegurar\u00edan que el imputado les habr\u00eda expresado que \u201cse hab\u00eda enamorado\u201d de la nena.<\/p>\n\n\n\n<figure class=\"wp-block-embed-facebook wp-block-embed is-type-video is-provider-facebook\"><div class=\"wp-block-embed__wrapper\">\n<div class=\"fb-video\" data-allowfullscreen=\"true\" data-href=\"https:\/\/www.facebook.com\/eldiario.desanpedro\/videos\/136606887280899\/\" style=\"background-color: #fff; display: inline-block;\"><\/div>\n<\/div><\/figure>\n\n\n\n<p>Fuente: <a href=\"https:\/\/www.sanpedroinforma.com.ar\">San Pedro Informa<\/a><\/p>\n","protected":false},"excerpt":{"rendered":"<p>La misma fue radicada por la hija de una ex pareja del acusado que era menor cuando se sucedieron los hechos. La denuncia se efectu\u00f3 en diciembre y ratificada este martes en la Fiscal\u00eda N\u00b0 5.&nbsp; Una joven mujer que actualmente tiene 21 a\u00f1os ratific\u00f3 durante la ma\u00f1ana del martes una denuncia por abuso sexual [&hellip;]<\/p>\n","protected":false},"author":4,"featured_media":46024,"comment_status":"open","ping_status":"closed","sticky":false,"template":"","format":"standard","meta":{"om_disable_all_campaigns":false,"_jetpack_memberships_contains_paid_content":false,"footnotes":""},"categories":[50,2,103],"tags":[],"class_list":["post-46023","post","type-post","status-publish","format-standard","has-post-thumbnail","hentry","category-destacadas","category-locales","category-policiales-locales"],"aioseo_notices":[],"gutentor_comment":0,"jetpack_featured_media_url":"https:\/\/eldiariodesanpedro.com.ar\/sitio\/wp-content\/uploads\/2019\/01\/000074900.jpeg","jetpack_shortlink":"https:\/\/wp.me\/p6RhLt-bYj","jetpack_sharing_enabled":true,"_links":{"self":[{"href":"https:\/\/eldiariodesanpedro.com.ar\/sitio\/wp-json\/wp\/v2\/posts\/46023","targetHints":{"allow":["GET"]}}],"collection":[{"href":"https:\/\/eldiariodesanpedro.com.ar\/sitio\/wp-json\/wp\/v2\/posts"}],"about":[{"href":"https:\/\/eldiariodesanpedro.com.ar\/sitio\/wp-json\/wp\/v2\/types\/post"}],"author":[{"embeddable":true,"href":"https:\/\/eldiariodesanpedro.com.ar\/sitio\/wp-json\/wp\/v2\/users\/4"}],"replies":[{"embeddable":true,"href":"https:\/\/eldiariodesanpedro.com.ar\/sitio\/wp-json\/wp\/v2\/comments?post=46023"}],"version-history":[{"count":2,"href":"https:\/\/eldiariodesanpedro.com.ar\/sitio\/wp-json\/wp\/v2\/posts\/46023\/revisions"}],"predecessor-version":[{"id":46027,"href":"https:\/\/eldiariodesanpedro.com.ar\/sitio\/wp-json\/wp\/v2\/posts\/46023\/revisions\/46027"}],"wp:featuredmedia":[{"embeddable":true,"href":"https:\/\/eldiariodesanpedro.com.ar\/sitio\/wp-json\/wp\/v2\/media\/46024"}],"wp:attachment":[{"href":"https:\/\/eldiariodesanpedro.com.ar\/sitio\/wp-json\/wp\/v2\/media?parent=46023"}],"wp:term":[{"taxonomy":"category","embeddable":true,"href":"https:\/\/eldiariodesanpedro.com.ar\/sitio\/wp-json\/wp\/v2\/categories?post=46023"},{"taxonomy":"post_tag","embeddable":true,"href":"https:\/\/eldiariodesanpedro.com.ar\/sitio\/wp-json\/wp\/v2\/tags?post=46023"}],"curies":[{"name":"wp","href":"https:\/\/api.w.org\/{rel}","templated":true}]}}