{"id":46022,"date":"2019-01-16T10:52:59","date_gmt":"2019-01-16T13:52:59","guid":{"rendered":"https:\/\/eldiariodesanpedro.com.ar\/sitio\/?p=46022"},"modified":"2019-01-16T19:21:18","modified_gmt":"2019-01-16T22:21:18","slug":"silvio-corti-nos-reunimos-con-los-vecinos-del-barrio-san-roque-nos-reclaman-seguridad","status":"publish","type":"post","link":"https:\/\/eldiariodesanpedro.com.ar\/sitio\/silvio-corti-nos-reunimos-con-los-vecinos-del-barrio-san-roque-nos-reclaman-seguridad\/","title":{"rendered":"Silvio Corti: \u00abNos reunimos con los vecinos del barrio San Roque, nos reclaman seguridad\u00bb"},"content":{"rendered":"<!-- VideographyWP Plugin Message: Automatic video embedding prevented by plugin options. -->\n\n<p>La reuni\u00f3n se llevo a cabo  en Boulevard Moreno al 1300. Alrededor de 25 vecinos se acercaron a reclamar mas seguridad luego del feroz asalto a la abuela de 83 a\u00f1os. Estuvieron presentes Silvio Corti, Secretario de Gobierno, Andres Galeano, Comisario, Eduardo Rolleri, Secretario de Seguridad y tres concejales del oficialismo, Lafalce, Garavaglia y Pando.<\/p>\n\n\n\n<p>Una peque\u00f1a reuni\u00f3n se llevo a cabo este lunes primeramente, entre vecinos, dialogando y discutiendo las formas de pedir seguridad en el barrio. Luego del feroz asalto a la abuela de 83 a\u00f1os de edad este sabado por la ma\u00f1ana, los vecinos quedaron muy conmocionados y necesitaban ser escuchados.<\/p>\n\n\n\n<p>As\u00ed fue como se decidi\u00f3 llamar a funcionarios para una nueva reuni\u00f3n al otro d\u00eda.<\/p>\n\n\n\n<p>Este martes por la noche, la convocatoria fue distinta, ya contaba con la presencia del Comisario,  Funcionarios y Concejales.<\/p>\n\n\n\n<p>Este medio dialogo con Silvio Corti, Secretario de Seguridad, quien nos brindo los detalles:<\/p>\n\n\n\n<p>\u00bb Tras la  preocupaci\u00f3n de los vecinos fuimos convocados a una reuni\u00f3n,  escuchamos todos los reclamos, les contamos que desde el fin de semana el comisario dispuso patrullaje  mas intensivo en la zona y nos comprometimos a mantener eso, tambi\u00e9n hay que hacer intervenciones en la iluminaci\u00f3n publica y operativos de control de transito; vamos a colocar c\u00e1maras tambi\u00e9n\u00bb<\/p>\n\n\n\n<p>\u00bb Les explicamos como estamos trabajando en materia de seguridad, que cambiaron muchas cosas en todo este tiempo, la cantidad de polic\u00edas nuevos que hay en la calle,  mas m\u00f3viles; lo que es el porcentaje de esclarecimiento de los hechos hoy  es alt\u00edsimo y tenemos que trabajar mas en prevenci\u00f3n\u00bb<\/p>\n\n\n\n<p>Por ultimo finalizo \u00abse acercaron muchos vecinos, dialogamos entre todos, estuvo bien la reuni\u00f3n, vamos a cumplir con lo que prometimos, la gente se fue conforme\u00bb.<\/p>\n\n\n\n<p><\/p>\n","protected":false},"excerpt":{"rendered":"<p>La reuni\u00f3n se llevo a cabo en Boulevard Moreno al 1300. Alrededor de 25 vecinos se acercaron a reclamar mas seguridad luego del feroz asalto a la abuela de 83 a\u00f1os. Estuvieron presentes Silvio Corti, Secretario de Gobierno, Andres Galeano, Comisario, Eduardo Rolleri, Secretario de Seguridad y tres concejales del oficialismo, Lafalce, Garavaglia y Pando. [&hellip;]<\/p>\n","protected":false},"author":4,"featured_media":20042,"comment_status":"open","ping_status":"closed","sticky":false,"template":"","format":"standard","meta":{"om_disable_all_campaigns":false,"_jetpack_memberships_contains_paid_content":false,"footnotes":""},"categories":[101,2],"tags":[],"class_list":["post-46022","post","type-post","status-publish","format-standard","has-post-thumbnail","hentry","category-interes-general-locales","category-locales"],"aioseo_notices":[],"gutentor_comment":0,"jetpack_featured_media_url":"https:\/\/eldiariodesanpedro.com.ar\/sitio\/wp-content\/uploads\/2017\/06\/silvio-corti-2.jpg","jetpack_shortlink":"https:\/\/wp.me\/p6RhLt-bYi","jetpack_sharing_enabled":true,"_links":{"self":[{"href":"https:\/\/eldiariodesanpedro.com.ar\/sitio\/wp-json\/wp\/v2\/posts\/46022","targetHints":{"allow":["GET"]}}],"collection":[{"href":"https:\/\/eldiariodesanpedro.com.ar\/sitio\/wp-json\/wp\/v2\/posts"}],"about":[{"href":"https:\/\/eldiariodesanpedro.com.ar\/sitio\/wp-json\/wp\/v2\/types\/post"}],"author":[{"embeddable":true,"href":"https:\/\/eldiariodesanpedro.com.ar\/sitio\/wp-json\/wp\/v2\/users\/4"}],"replies":[{"embeddable":true,"href":"https:\/\/eldiariodesanpedro.com.ar\/sitio\/wp-json\/wp\/v2\/comments?post=46022"}],"version-history":[{"count":1,"href":"https:\/\/eldiariodesanpedro.com.ar\/sitio\/wp-json\/wp\/v2\/posts\/46022\/revisions"}],"predecessor-version":[{"id":46026,"href":"https:\/\/eldiariodesanpedro.com.ar\/sitio\/wp-json\/wp\/v2\/posts\/46022\/revisions\/46026"}],"wp:featuredmedia":[{"embeddable":true,"href":"https:\/\/eldiariodesanpedro.com.ar\/sitio\/wp-json\/wp\/v2\/media\/20042"}],"wp:attachment":[{"href":"https:\/\/eldiariodesanpedro.com.ar\/sitio\/wp-json\/wp\/v2\/media?parent=46022"}],"wp:term":[{"taxonomy":"category","embeddable":true,"href":"https:\/\/eldiariodesanpedro.com.ar\/sitio\/wp-json\/wp\/v2\/categories?post=46022"},{"taxonomy":"post_tag","embeddable":true,"href":"https:\/\/eldiariodesanpedro.com.ar\/sitio\/wp-json\/wp\/v2\/tags?post=46022"}],"curies":[{"name":"wp","href":"https:\/\/api.w.org\/{rel}","templated":true}]}}