{"id":4602,"date":"2016-05-22T22:18:56","date_gmt":"2016-05-23T01:18:56","guid":{"rendered":"https:\/\/eldiariodesanpedro.com.ar\/sitio\/?p=4602"},"modified":"2026-01-24T00:35:54","modified_gmt":"2026-01-24T03:35:54","slug":"julio-alsogaray-11-en-el-mundial-de-mexico","status":"publish","type":"post","link":"https:\/\/eldiariodesanpedro.com.ar\/sitio\/julio-alsogaray-11-en-el-mundial-de-mexico\/","title":{"rendered":"Julio Alsogaray, 11\u00b0 en el Mundial de M\u00e9xico"},"content":{"rendered":"<p><!-- VideographyWP Plugin Message: Automatic video embedding prevented by plugin options. --><br \/>\nMientras se prepara para R\u00edo 2016, Alsogaray ocup\u00f3 el 11\u00b0 puesto sobre 112 participantes en el Mundial de Laser Standard en M\u00e9xico, sumando una nueva destacada performance en el m\u00e1s alto nivel internacional. Juan Pablo Bisio finaliz\u00f3 53\u00b0, Francisco Renna 59\u00b0, Tom\u00e1s Pellejero 64\u00b0 y Agust\u00edn Vidal 70\u00b0.<br \/>\nEl Campeonato Mundial de la Clase Laser Standard 2016 se llev\u00f3 a cabo del 12 al 18 de mayo en Nuevo Vallarta, M\u00e9xico. El sampedrino Julio Alsogaray, que ser\u00e1 nuestro representante en los Juegos Ol\u00edmpicos R\u00edo 2016, complet\u00f3 una gran tarea con miras a la m\u00e1xima cita del a\u00f1o.<br \/>\nCon 131 puntos de penalidad en catorce regatas, el atleta oriundo de San Pedro, provincia de Buenos Aires, se ubic\u00f3 en la 11\u00b0 posici\u00f3n de la tabla general sobre 112 participantes. Cabe destacar que Alsogaray gan\u00f3 una carrera, fue segundo en otras dos y obtuvo otros cuarto top ten, dejando en claro que puede pelear los puestos de medalla si consigue una mayor regularidad. Sus resultados fueron los siguientes: 26\u00b0, 2\u00b0, 6\u00b0, 2\u00b0, 25\u00b0, 6\u00b0, 57\u00b0 BFD (descartada), 1\u00b0, 21\u00b0, 4\u00b0, 5\u00b0, 57\u00b0 RET (descartada), 21\u00b0 y 12\u00b0.<br \/>\nEl brit\u00e1nico Nick Thompson se consagr\u00f3 campe\u00f3n con 61 puntos, seguido del franc\u00e9s Jean-Baptiste Bernaz con 73. El podio lo complet\u00f3 el holand\u00e9s Rutger Van Schaardenburg con 88 unidades.<\/p>\n","protected":false},"excerpt":{"rendered":"<p>Mientras se prepara para R\u00edo 2016, Alsogaray ocup\u00f3 el 11\u00b0 puesto sobre 112 participantes en el Mundial de Laser Standard en M\u00e9xico, sumando una nueva destacada performance en el m\u00e1s alto nivel internacional. Juan Pablo Bisio finaliz\u00f3 53\u00b0, Francisco Renna 59\u00b0, Tom\u00e1s Pellejero 64\u00b0 y Agust\u00edn Vidal 70\u00b0. El Campeonato Mundial de la Clase Laser [&hellip;]<\/p>\n","protected":false},"author":4,"featured_media":4603,"comment_status":"open","ping_status":"closed","sticky":false,"template":"","format":"standard","meta":{"om_disable_all_campaigns":false,"_jetpack_memberships_contains_paid_content":false,"footnotes":""},"categories":[5],"tags":[],"class_list":["post-4602","post","type-post","status-publish","format-standard","has-post-thumbnail","hentry","category-deportes"],"aioseo_notices":[],"gutentor_comment":0,"jetpack_featured_media_url":"https:\/\/eldiariodesanpedro.com.ar\/sitio\/wp-content\/uploads\/2016\/05\/FOTO-1-23-05-16-VELA_Mundial-Laser-Standard-mayo-2016-Mexico_06_Julio-Alsogaray-640x412.jpg","jetpack_shortlink":"https:\/\/wp.me\/p6RhLt-1ce","jetpack_sharing_enabled":true,"_links":{"self":[{"href":"https:\/\/eldiariodesanpedro.com.ar\/sitio\/wp-json\/wp\/v2\/posts\/4602","targetHints":{"allow":["GET"]}}],"collection":[{"href":"https:\/\/eldiariodesanpedro.com.ar\/sitio\/wp-json\/wp\/v2\/posts"}],"about":[{"href":"https:\/\/eldiariodesanpedro.com.ar\/sitio\/wp-json\/wp\/v2\/types\/post"}],"author":[{"embeddable":true,"href":"https:\/\/eldiariodesanpedro.com.ar\/sitio\/wp-json\/wp\/v2\/users\/4"}],"replies":[{"embeddable":true,"href":"https:\/\/eldiariodesanpedro.com.ar\/sitio\/wp-json\/wp\/v2\/comments?post=4602"}],"version-history":[{"count":1,"href":"https:\/\/eldiariodesanpedro.com.ar\/sitio\/wp-json\/wp\/v2\/posts\/4602\/revisions"}],"predecessor-version":[{"id":4604,"href":"https:\/\/eldiariodesanpedro.com.ar\/sitio\/wp-json\/wp\/v2\/posts\/4602\/revisions\/4604"}],"wp:featuredmedia":[{"embeddable":true,"href":"https:\/\/eldiariodesanpedro.com.ar\/sitio\/wp-json\/wp\/v2\/media\/4603"}],"wp:attachment":[{"href":"https:\/\/eldiariodesanpedro.com.ar\/sitio\/wp-json\/wp\/v2\/media?parent=4602"}],"wp:term":[{"taxonomy":"category","embeddable":true,"href":"https:\/\/eldiariodesanpedro.com.ar\/sitio\/wp-json\/wp\/v2\/categories?post=4602"},{"taxonomy":"post_tag","embeddable":true,"href":"https:\/\/eldiariodesanpedro.com.ar\/sitio\/wp-json\/wp\/v2\/tags?post=4602"}],"curies":[{"name":"wp","href":"https:\/\/api.w.org\/{rel}","templated":true}]}}