{"id":46016,"date":"2019-01-16T09:45:23","date_gmt":"2019-01-16T12:45:23","guid":{"rendered":"https:\/\/eldiariodesanpedro.com.ar\/sitio\/?p=46016"},"modified":"2019-01-16T09:45:32","modified_gmt":"2019-01-16T12:45:32","slug":"inta-san-pedro-prevenir-la-cancrosis-y-revisar-las-plagas-en-citricos","status":"publish","type":"post","link":"https:\/\/eldiariodesanpedro.com.ar\/sitio\/inta-san-pedro-prevenir-la-cancrosis-y-revisar-las-plagas-en-citricos\/","title":{"rendered":"INTA SAN PEDRO: Prevenir la cancrosis y revisar las plagas en c\u00edtricos"},"content":{"rendered":"<!-- VideographyWP Plugin Message: Automatic video embedding prevented by plugin options. -->\n\n<p> Dadas las condiciones predisponentes a enfermedades y plagas en c\u00edtricos, desde el INTA se recuerdan algunas recomendaciones sobre los problemas sanitarios que afectan a estos cultivos. <\/p>\n\n\n\n<p>\n\nLa cancrosis de los c\u00edtricos es una enfermedad conocida por productores y profesionales de nuestra zona. Tambi\u00e9n lo son las medidas para prevenir el ataque de esta enfermedad de origen bacteriano. No obstante los t\u00e9cnicos de INTA San Pedro comparten las observaciones realizadas en recientes salidas a campo, en un intento de anticiparse a un problema que este a\u00f1o ya se ve en las plantaciones en mayor proporci\u00f3n que los anteriores &nbsp;y que, &nbsp;podr\u00eda agravarse.<\/p>\n\n\n\n<p>La concurrencia simult\u00e1nea de lluvias y vientos fuertes, temperaturas superiores a 21\u00b0C, la susceptibilidad varietal, sumado al activo crecimiento en hojas, brotes y frutos de tejidos j\u00f3venes, plantea un escenario para la emergencia de la cancrosis. Profesionales del INTA explican que&nbsp;<em>\u201cya deber\u00edan haberse realizado los tratamientos preventivos a trav\u00e9s de curas con productos c\u00fapricos s\u00f3los o combinados con mancozeb\u201d<\/em>, aunque igualmente considera importante recordarlo.<\/p>\n\n\n\n<p>Si se sigue observando brotaci\u00f3n irregular, \u00a0dado el alto costo de los tratamientos, una opci\u00f3n es dejar de realizarlos y reservarse para la brotaci\u00f3n m\u00e1s general que se producir\u00e1 m\u00e1s adelante, y que afectar\u00e1 a los frutos hasta que alcancen 4 a 5 cm. \u00a0<em><strong>\u201cAl coincidir la brotaci\u00f3n presente con un incremento de la poblaci\u00f3n de minador de la hoja de los c\u00edtricos, podr\u00eda ocurrir una mayor incidencia de la enfermedad, ya que esta plaga que por su forma de alimentaci\u00f3n, da\u00f1a los tejidos y predispone a la planta a la infecci\u00f3n de la bacteria causante de la cancrosis. Adem\u00e1s al coincidir con pron\u00f3sticos de lluvias frecuentes durante los pr\u00f3ximos meses, si el productor no realiza los tratamientos preventivos, es muy probable que la mayor\u00eda de los brotes presenten da\u00f1os, increment\u00e1ndose el in\u00f3culo que luego avanzar\u00e1 sobre la nueva brotaci\u00f3n\u201d<\/strong>,<\/em>\u00a0agregan. \u00a0Adem\u00e1s, recomiendan hacer un seguimiento de la presencia de moscas blancas dado que se observan incrementos en la poblaci\u00f3n de adultos, que adem\u00e1s de afectar en forma directa a las plantas, podr\u00eda facilitar la aparici\u00f3n de fumagina sobre hojas y frutos. <\/p>\n\n\n\n<figure class=\"wp-block-image\"><img decoding=\"async\" width=\"587\" height=\"782\" data-attachment-id=\"46019\" data-permalink=\"https:\/\/eldiariodesanpedro.com.ar\/sitio\/inta-san-pedro-prevenir-la-cancrosis-y-revisar-las-plagas-en-citricos\/cancrosis-web\/\" data-orig-file=\"https:\/\/eldiariodesanpedro.com.ar\/sitio\/wp-content\/uploads\/2019\/01\/cancrosis-web.jpeg\" data-orig-size=\"587,782\" data-comments-opened=\"1\" data-image-meta=\"{&quot;aperture&quot;:&quot;0&quot;,&quot;credit&quot;:&quot;&quot;,&quot;camera&quot;:&quot;&quot;,&quot;caption&quot;:&quot;&quot;,&quot;created_timestamp&quot;:&quot;0&quot;,&quot;copyright&quot;:&quot;&quot;,&quot;focal_length&quot;:&quot;0&quot;,&quot;iso&quot;:&quot;0&quot;,&quot;shutter_speed&quot;:&quot;0&quot;,&quot;title&quot;:&quot;&quot;,&quot;orientation&quot;:&quot;0&quot;}\" data-image-title=\"cancrosis-web\" data-image-description=\"\" data-image-caption=\"\" data-large-file=\"https:\/\/eldiariodesanpedro.com.ar\/sitio\/wp-content\/uploads\/2019\/01\/cancrosis-web.jpeg\" data-src=\"https:\/\/eldiariodesanpedro.com.ar\/sitio\/wp-content\/uploads\/2019\/01\/cancrosis-web.jpeg\" alt=\"\" class=\"wp-image-46019 lazyload\" data-srcset=\"https:\/\/eldiariodesanpedro.com.ar\/sitio\/wp-content\/uploads\/2019\/01\/cancrosis-web.jpeg 587w, https:\/\/eldiariodesanpedro.com.ar\/sitio\/wp-content\/uploads\/2019\/01\/cancrosis-web-225x300.jpeg 225w\" data-sizes=\"(max-width: 587px) 100vw, 587px\" src=\"data:image\/svg+xml;base64,PHN2ZyB3aWR0aD0iMSIgaGVpZ2h0PSIxIiB4bWxucz0iaHR0cDovL3d3dy53My5vcmcvMjAwMC9zdmciPjwvc3ZnPg==\" style=\"--smush-placeholder-width: 587px; --smush-placeholder-aspect-ratio: 587\/782;\" \/><\/figure>\n","protected":false},"excerpt":{"rendered":"<p>Dadas las condiciones predisponentes a enfermedades y plagas en c\u00edtricos, desde el INTA se recuerdan algunas recomendaciones sobre los problemas sanitarios que afectan a estos cultivos. La cancrosis de los c\u00edtricos es una enfermedad conocida por productores y profesionales de nuestra zona. Tambi\u00e9n lo son las medidas para prevenir el ataque de esta enfermedad de [&hellip;]<\/p>\n","protected":false},"author":4,"featured_media":46018,"comment_status":"open","ping_status":"closed","sticky":false,"template":"","format":"standard","meta":{"om_disable_all_campaigns":false,"_jetpack_memberships_contains_paid_content":false,"footnotes":""},"categories":[101,2],"tags":[],"class_list":["post-46016","post","type-post","status-publish","format-standard","has-post-thumbnail","hentry","category-interes-general-locales","category-locales"],"aioseo_notices":[],"gutentor_comment":0,"jetpack_featured_media_url":"https:\/\/eldiariodesanpedro.com.ar\/sitio\/wp-content\/uploads\/2019\/01\/cancrosis-web-copia.jpeg","jetpack_shortlink":"https:\/\/wp.me\/p6RhLt-bYc","jetpack_sharing_enabled":true,"_links":{"self":[{"href":"https:\/\/eldiariodesanpedro.com.ar\/sitio\/wp-json\/wp\/v2\/posts\/46016","targetHints":{"allow":["GET"]}}],"collection":[{"href":"https:\/\/eldiariodesanpedro.com.ar\/sitio\/wp-json\/wp\/v2\/posts"}],"about":[{"href":"https:\/\/eldiariodesanpedro.com.ar\/sitio\/wp-json\/wp\/v2\/types\/post"}],"author":[{"embeddable":true,"href":"https:\/\/eldiariodesanpedro.com.ar\/sitio\/wp-json\/wp\/v2\/users\/4"}],"replies":[{"embeddable":true,"href":"https:\/\/eldiariodesanpedro.com.ar\/sitio\/wp-json\/wp\/v2\/comments?post=46016"}],"version-history":[{"count":1,"href":"https:\/\/eldiariodesanpedro.com.ar\/sitio\/wp-json\/wp\/v2\/posts\/46016\/revisions"}],"predecessor-version":[{"id":46020,"href":"https:\/\/eldiariodesanpedro.com.ar\/sitio\/wp-json\/wp\/v2\/posts\/46016\/revisions\/46020"}],"wp:featuredmedia":[{"embeddable":true,"href":"https:\/\/eldiariodesanpedro.com.ar\/sitio\/wp-json\/wp\/v2\/media\/46018"}],"wp:attachment":[{"href":"https:\/\/eldiariodesanpedro.com.ar\/sitio\/wp-json\/wp\/v2\/media?parent=46016"}],"wp:term":[{"taxonomy":"category","embeddable":true,"href":"https:\/\/eldiariodesanpedro.com.ar\/sitio\/wp-json\/wp\/v2\/categories?post=46016"},{"taxonomy":"post_tag","embeddable":true,"href":"https:\/\/eldiariodesanpedro.com.ar\/sitio\/wp-json\/wp\/v2\/tags?post=46016"}],"curies":[{"name":"wp","href":"https:\/\/api.w.org\/{rel}","templated":true}]}}