{"id":46008,"date":"2019-01-16T09:30:27","date_gmt":"2019-01-16T12:30:27","guid":{"rendered":"https:\/\/eldiariodesanpedro.com.ar\/sitio\/?p=46008"},"modified":"2019-01-16T09:43:32","modified_gmt":"2019-01-16T12:43:32","slug":"robo-en-el-estudio-contable-sposito-y-firma-risco-s-a","status":"publish","type":"post","link":"https:\/\/eldiariodesanpedro.com.ar\/sitio\/robo-en-el-estudio-contable-sposito-y-firma-risco-s-a\/","title":{"rendered":"Robo en el estudio contable Sposito y firma RISCO S.A"},"content":{"rendered":"<!-- VideographyWP Plugin Message: Automatic video embedding prevented by plugin options. -->\n\n<p>El hecho ocurri\u00f3 est\u00e1 madrugada cuando delincuentes ignorados violentado una ventana interna e ingresaron al lugar. Provocaron destrozos y sustrajeron dinero en efectivo.<\/p>\n\n\n\n<p>Esta ma\u00f1ana quienes trabajan en la firma RISCO constataron lo sucedido al llegar a las oficinas.<\/p>\n\n\n\n<p>Escritorios y cajones se encontraban tirados en el piso, documentaci\u00f3n con la que trabajan desparramada en el lugar.<\/p>\n\n\n\n<p>Solo se llevaron una cantidad de dinero en efectivo.<\/p>\n\n\n\n<p>Los delincuentes ingresaron violentando una ventana interna de la parte trasera de la empresa,; habrian cortaron el sistema de alarma .<\/p>\n\n\n\n<p>Polic\u00eda cient\u00edfica trabajo en el lugar mientras su propietaria se acerc\u00f3 a la comisar\u00eda a realizar la denuncia .<\/p>\n\n\n\n<ul class=\"wp-block-gallery columns-3 is-cropped wp-block-gallery-1 is-layout-flex wp-block-gallery-is-layout-flex\"><li class=\"blocks-gallery-item\"><figure><img decoding=\"async\" width=\"4160\" height=\"2340\" data-attachment-id=\"46010\" data-permalink=\"https:\/\/eldiariodesanpedro.com.ar\/sitio\/robo-en-el-estudio-contable-sposito-y-firma-risco-s-a\/img-20190116-wa0004\/\" data-orig-file=\"https:\/\/eldiariodesanpedro.com.ar\/sitio\/wp-content\/uploads\/2019\/01\/IMG-20190116-WA0004.jpeg\" data-orig-size=\"4160,2340\" data-comments-opened=\"1\" data-image-meta=\"{&quot;aperture&quot;:&quot;2&quot;,&quot;credit&quot;:&quot;&quot;,&quot;camera&quot;:&quot;MotoG3&quot;,&quot;caption&quot;:&quot;&quot;,&quot;created_timestamp&quot;:&quot;1547629454&quot;,&quot;copyright&quot;:&quot;&quot;,&quot;focal_length&quot;:&quot;3.64&quot;,&quot;iso&quot;:&quot;50&quot;,&quot;shutter_speed&quot;:&quot;0.00293&quot;,&quot;title&quot;:&quot;&quot;,&quot;orientation&quot;:&quot;0&quot;}\" data-image-title=\"IMG-20190116-WA0004\" data-image-description=\"\" data-image-caption=\"\" data-large-file=\"https:\/\/eldiariodesanpedro.com.ar\/sitio\/wp-content\/uploads\/2019\/01\/IMG-20190116-WA0004-1024x576.jpeg\" data-src=\"https:\/\/i0.wp.com\/eldiariodesanpedro.com.ar\/sitio\/wp-content\/uploads\/2019\/01\/IMG-20190116-WA0004.jpeg?fit=660%2C371\" alt=\"\" data-id=\"46010\" data-link=\"https:\/\/eldiariodesanpedro.com.ar\/sitio\/?attachment_id=46010\" class=\"wp-image-46010 lazyload\" data-srcset=\"https:\/\/eldiariodesanpedro.com.ar\/sitio\/wp-content\/uploads\/2019\/01\/IMG-20190116-WA0004.jpeg 4160w, https:\/\/eldiariodesanpedro.com.ar\/sitio\/wp-content\/uploads\/2019\/01\/IMG-20190116-WA0004-300x169.jpeg 300w, https:\/\/eldiariodesanpedro.com.ar\/sitio\/wp-content\/uploads\/2019\/01\/IMG-20190116-WA0004-768x432.jpeg 768w, https:\/\/eldiariodesanpedro.com.ar\/sitio\/wp-content\/uploads\/2019\/01\/IMG-20190116-WA0004-1024x576.jpeg 1024w\" data-sizes=\"(max-width: 4160px) 100vw, 4160px\" src=\"data:image\/svg+xml;base64,PHN2ZyB3aWR0aD0iMSIgaGVpZ2h0PSIxIiB4bWxucz0iaHR0cDovL3d3dy53My5vcmcvMjAwMC9zdmciPjwvc3ZnPg==\" style=\"--smush-placeholder-width: 4160px; --smush-placeholder-aspect-ratio: 4160\/2340;\" \/><\/figure><\/li><li class=\"blocks-gallery-item\"><figure><img decoding=\"async\" width=\"4160\" height=\"2340\" data-attachment-id=\"46011\" data-permalink=\"https:\/\/eldiariodesanpedro.com.ar\/sitio\/robo-en-el-estudio-contable-sposito-y-firma-risco-s-a\/img-20190116-wa0002\/\" data-orig-file=\"https:\/\/eldiariodesanpedro.com.ar\/sitio\/wp-content\/uploads\/2019\/01\/IMG-20190116-WA0002.jpeg\" data-orig-size=\"4160,2340\" data-comments-opened=\"1\" data-image-meta=\"{&quot;aperture&quot;:&quot;2&quot;,&quot;credit&quot;:&quot;&quot;,&quot;camera&quot;:&quot;MotoG3&quot;,&quot;caption&quot;:&quot;&quot;,&quot;created_timestamp&quot;:&quot;1547629415&quot;,&quot;copyright&quot;:&quot;&quot;,&quot;focal_length&quot;:&quot;3.64&quot;,&quot;iso&quot;:&quot;100&quot;,&quot;shutter_speed&quot;:&quot;0.03001&quot;,&quot;title&quot;:&quot;&quot;,&quot;orientation&quot;:&quot;0&quot;}\" data-image-title=\"IMG-20190116-WA0002\" data-image-description=\"\" data-image-caption=\"\" data-large-file=\"https:\/\/eldiariodesanpedro.com.ar\/sitio\/wp-content\/uploads\/2019\/01\/IMG-20190116-WA0002-1024x576.jpeg\" data-src=\"https:\/\/i1.wp.com\/eldiariodesanpedro.com.ar\/sitio\/wp-content\/uploads\/2019\/01\/IMG-20190116-WA0002.jpeg?fit=660%2C371\" alt=\"\" data-id=\"46011\" data-link=\"https:\/\/eldiariodesanpedro.com.ar\/sitio\/?attachment_id=46011\" class=\"wp-image-46011 lazyload\" data-srcset=\"https:\/\/eldiariodesanpedro.com.ar\/sitio\/wp-content\/uploads\/2019\/01\/IMG-20190116-WA0002.jpeg 4160w, https:\/\/eldiariodesanpedro.com.ar\/sitio\/wp-content\/uploads\/2019\/01\/IMG-20190116-WA0002-300x169.jpeg 300w, https:\/\/eldiariodesanpedro.com.ar\/sitio\/wp-content\/uploads\/2019\/01\/IMG-20190116-WA0002-768x432.jpeg 768w, https:\/\/eldiariodesanpedro.com.ar\/sitio\/wp-content\/uploads\/2019\/01\/IMG-20190116-WA0002-1024x576.jpeg 1024w\" data-sizes=\"(max-width: 4160px) 100vw, 4160px\" src=\"data:image\/svg+xml;base64,PHN2ZyB3aWR0aD0iMSIgaGVpZ2h0PSIxIiB4bWxucz0iaHR0cDovL3d3dy53My5vcmcvMjAwMC9zdmciPjwvc3ZnPg==\" style=\"--smush-placeholder-width: 4160px; --smush-placeholder-aspect-ratio: 4160\/2340;\" \/><\/figure><\/li><li class=\"blocks-gallery-item\"><figure><img decoding=\"async\" width=\"4160\" height=\"2340\" data-attachment-id=\"46012\" data-permalink=\"https:\/\/eldiariodesanpedro.com.ar\/sitio\/robo-en-el-estudio-contable-sposito-y-firma-risco-s-a\/img-20190116-wa0000\/\" data-orig-file=\"https:\/\/eldiariodesanpedro.com.ar\/sitio\/wp-content\/uploads\/2019\/01\/IMG-20190116-WA0000.jpeg\" data-orig-size=\"4160,2340\" data-comments-opened=\"1\" data-image-meta=\"{&quot;aperture&quot;:&quot;2&quot;,&quot;credit&quot;:&quot;&quot;,&quot;camera&quot;:&quot;MotoG3&quot;,&quot;caption&quot;:&quot;&quot;,&quot;created_timestamp&quot;:&quot;1547629402&quot;,&quot;copyright&quot;:&quot;&quot;,&quot;focal_length&quot;:&quot;3.64&quot;,&quot;iso&quot;:&quot;100&quot;,&quot;shutter_speed&quot;:&quot;0.03001&quot;,&quot;title&quot;:&quot;&quot;,&quot;orientation&quot;:&quot;0&quot;}\" data-image-title=\"IMG-20190116-WA0000\" data-image-description=\"\" data-image-caption=\"\" data-large-file=\"https:\/\/eldiariodesanpedro.com.ar\/sitio\/wp-content\/uploads\/2019\/01\/IMG-20190116-WA0000-1024x576.jpeg\" data-src=\"https:\/\/i2.wp.com\/eldiariodesanpedro.com.ar\/sitio\/wp-content\/uploads\/2019\/01\/IMG-20190116-WA0000.jpeg?fit=660%2C371\" alt=\"\" data-id=\"46012\" data-link=\"https:\/\/eldiariodesanpedro.com.ar\/sitio\/?attachment_id=46012\" class=\"wp-image-46012 lazyload\" data-srcset=\"https:\/\/eldiariodesanpedro.com.ar\/sitio\/wp-content\/uploads\/2019\/01\/IMG-20190116-WA0000.jpeg 4160w, https:\/\/eldiariodesanpedro.com.ar\/sitio\/wp-content\/uploads\/2019\/01\/IMG-20190116-WA0000-300x169.jpeg 300w, https:\/\/eldiariodesanpedro.com.ar\/sitio\/wp-content\/uploads\/2019\/01\/IMG-20190116-WA0000-768x432.jpeg 768w, https:\/\/eldiariodesanpedro.com.ar\/sitio\/wp-content\/uploads\/2019\/01\/IMG-20190116-WA0000-1024x576.jpeg 1024w\" data-sizes=\"(max-width: 4160px) 100vw, 4160px\" src=\"data:image\/svg+xml;base64,PHN2ZyB3aWR0aD0iMSIgaGVpZ2h0PSIxIiB4bWxucz0iaHR0cDovL3d3dy53My5vcmcvMjAwMC9zdmciPjwvc3ZnPg==\" style=\"--smush-placeholder-width: 4160px; --smush-placeholder-aspect-ratio: 4160\/2340;\" \/><\/figure><\/li><\/ul>\n","protected":false},"excerpt":{"rendered":"<p>El hecho ocurri\u00f3 est\u00e1 madrugada cuando delincuentes ignorados violentado una ventana interna e ingresaron al lugar. Provocaron destrozos y sustrajeron dinero en efectivo. Esta ma\u00f1ana quienes trabajan en la firma RISCO constataron lo sucedido al llegar a las oficinas. Escritorios y cajones se encontraban tirados en el piso, documentaci\u00f3n con la que trabajan desparramada en [&hellip;]<\/p>\n","protected":false},"author":4,"featured_media":46012,"comment_status":"open","ping_status":"closed","sticky":false,"template":"","format":"standard","meta":{"om_disable_all_campaigns":false,"_jetpack_memberships_contains_paid_content":false,"footnotes":""},"categories":[50,2,103],"tags":[],"class_list":["post-46008","post","type-post","status-publish","format-standard","has-post-thumbnail","hentry","category-destacadas","category-locales","category-policiales-locales"],"aioseo_notices":[],"gutentor_comment":0,"jetpack_featured_media_url":"https:\/\/eldiariodesanpedro.com.ar\/sitio\/wp-content\/uploads\/2019\/01\/IMG-20190116-WA0000.jpeg","jetpack_shortlink":"https:\/\/wp.me\/p6RhLt-bY4","jetpack_sharing_enabled":true,"_links":{"self":[{"href":"https:\/\/eldiariodesanpedro.com.ar\/sitio\/wp-json\/wp\/v2\/posts\/46008","targetHints":{"allow":["GET"]}}],"collection":[{"href":"https:\/\/eldiariodesanpedro.com.ar\/sitio\/wp-json\/wp\/v2\/posts"}],"about":[{"href":"https:\/\/eldiariodesanpedro.com.ar\/sitio\/wp-json\/wp\/v2\/types\/post"}],"author":[{"embeddable":true,"href":"https:\/\/eldiariodesanpedro.com.ar\/sitio\/wp-json\/wp\/v2\/users\/4"}],"replies":[{"embeddable":true,"href":"https:\/\/eldiariodesanpedro.com.ar\/sitio\/wp-json\/wp\/v2\/comments?post=46008"}],"version-history":[{"count":2,"href":"https:\/\/eldiariodesanpedro.com.ar\/sitio\/wp-json\/wp\/v2\/posts\/46008\/revisions"}],"predecessor-version":[{"id":46013,"href":"https:\/\/eldiariodesanpedro.com.ar\/sitio\/wp-json\/wp\/v2\/posts\/46008\/revisions\/46013"}],"wp:featuredmedia":[{"embeddable":true,"href":"https:\/\/eldiariodesanpedro.com.ar\/sitio\/wp-json\/wp\/v2\/media\/46012"}],"wp:attachment":[{"href":"https:\/\/eldiariodesanpedro.com.ar\/sitio\/wp-json\/wp\/v2\/media?parent=46008"}],"wp:term":[{"taxonomy":"category","embeddable":true,"href":"https:\/\/eldiariodesanpedro.com.ar\/sitio\/wp-json\/wp\/v2\/categories?post=46008"},{"taxonomy":"post_tag","embeddable":true,"href":"https:\/\/eldiariodesanpedro.com.ar\/sitio\/wp-json\/wp\/v2\/tags?post=46008"}],"curies":[{"name":"wp","href":"https:\/\/api.w.org\/{rel}","templated":true}]}}