{"id":46003,"date":"2019-01-15T12:27:06","date_gmt":"2019-01-15T15:27:06","guid":{"rendered":"https:\/\/eldiariodesanpedro.com.ar\/sitio\/?p=46003"},"modified":"2019-01-15T12:27:15","modified_gmt":"2019-01-15T15:27:15","slug":"ramallo-oficial-de-policia-detenida-por-robar-27000-en-una-pericia","status":"publish","type":"post","link":"https:\/\/eldiariodesanpedro.com.ar\/sitio\/ramallo-oficial-de-policia-detenida-por-robar-27000-en-una-pericia\/","title":{"rendered":"RAMALLO : Oficial de polic\u00eda detenida por robar $27000 en una pericia"},"content":{"rendered":"<!-- VideographyWP Plugin Message: Automatic video embedding prevented by plugin options. -->\n\n<p>\n\nUn mujer mayor domiciliada en la localidad de Villa General Savio, realiz\u00f3 un llamado a emergencias policiales denunciando que hab\u00eda sido v\u00edctima de un robo con privaci\u00f3n ilegal de la libertad en su vivienda de Villa General Savio. Un sujeto hab\u00eda ingresado con un arma blanca y bajo amenazas se llev\u00f3 un televisor, una radio y un celular.<\/p>\n\n\n\n<p>Como es habitual en estos casos, personal de Polic\u00eda Cient\u00edfica se present\u00f3 en el domicilio para realizar las pericias correspondientes para tomar las huellas existentes, buscar pistas y elementos para dar con el autor del delito y avanzar con la investigaci\u00f3n.<\/p>\n\n\n\n<p>Una vez finalizadas las tareas del personal policial, alrededor de las 4 de la madrugada de este martes, la familia v\u00edctima del ataque constat\u00f3 que faltaba la suma de $27.000 en efectivo, dinero con el que contaban antes de la llegada de los peritos.<\/p>\n\n\n\n<p>Inmediatamente la v\u00edctima realiza una nueva denuncia que fue atendida en persona por el Jefe de la Polic\u00eda Cient\u00edfica, el Comisario Mayor Sergio Danielle quien comunic\u00f3 lo sucedido al fiscal Patricio M\u00fagica D\u00edaz.<\/p>\n\n\n\n<p>Con todos los avales legales, el Comisario realiz\u00f3 el control pormenorizado de los armarios y sitios personales de los oficiales que hab\u00edan participado del operativo en la vivienda en Ramallo. La requisa se efectu\u00f3 en el edificio donde se alojan los agentes que est\u00e1 ubicado frente a Porter\u00eda 1 de la empresa Ternium.<\/p>\n\n\n\n<p>En la inspecci\u00f3n detectaron que en la cama de la Oficial Evelyn Mansilla, domiciliada en Pergamino, hab\u00eda un sobre de papel madera que conten\u00eda $27.000. La mujer qued\u00f3 detenida en la madrugada de hoy acusada de robo. Ya se pidi\u00f3 que se exonerada de la fuerza. <\/p>\n\n\n\n<p>Fuente: <a href=\"http:\/\/www.diarioelinformante.com.ar\">El Informante<\/a><\/p>\n","protected":false},"excerpt":{"rendered":"<p>Un mujer mayor domiciliada en la localidad de Villa General Savio, realiz\u00f3 un llamado a emergencias policiales denunciando que hab\u00eda sido v\u00edctima de un robo con privaci\u00f3n ilegal de la libertad en su vivienda de Villa General Savio. Un sujeto hab\u00eda ingresado con un arma blanca y bajo amenazas se llev\u00f3 un televisor, una radio [&hellip;]<\/p>\n","protected":false},"author":4,"featured_media":46004,"comment_status":"open","ping_status":"closed","sticky":false,"template":"","format":"standard","meta":{"om_disable_all_campaigns":false,"_jetpack_memberships_contains_paid_content":false,"footnotes":""},"categories":[621],"tags":[],"class_list":["post-46003","post","type-post","status-publish","format-standard","has-post-thumbnail","hentry","category-regionales"],"aioseo_notices":[],"gutentor_comment":0,"jetpack_featured_media_url":"https:\/\/eldiariodesanpedro.com.ar\/sitio\/wp-content\/uploads\/2019\/01\/no_ocw3z02ngwws5gvpol.jpg","jetpack_shortlink":"https:\/\/wp.me\/p6RhLt-bXZ","jetpack_sharing_enabled":true,"_links":{"self":[{"href":"https:\/\/eldiariodesanpedro.com.ar\/sitio\/wp-json\/wp\/v2\/posts\/46003","targetHints":{"allow":["GET"]}}],"collection":[{"href":"https:\/\/eldiariodesanpedro.com.ar\/sitio\/wp-json\/wp\/v2\/posts"}],"about":[{"href":"https:\/\/eldiariodesanpedro.com.ar\/sitio\/wp-json\/wp\/v2\/types\/post"}],"author":[{"embeddable":true,"href":"https:\/\/eldiariodesanpedro.com.ar\/sitio\/wp-json\/wp\/v2\/users\/4"}],"replies":[{"embeddable":true,"href":"https:\/\/eldiariodesanpedro.com.ar\/sitio\/wp-json\/wp\/v2\/comments?post=46003"}],"version-history":[{"count":1,"href":"https:\/\/eldiariodesanpedro.com.ar\/sitio\/wp-json\/wp\/v2\/posts\/46003\/revisions"}],"predecessor-version":[{"id":46005,"href":"https:\/\/eldiariodesanpedro.com.ar\/sitio\/wp-json\/wp\/v2\/posts\/46003\/revisions\/46005"}],"wp:featuredmedia":[{"embeddable":true,"href":"https:\/\/eldiariodesanpedro.com.ar\/sitio\/wp-json\/wp\/v2\/media\/46004"}],"wp:attachment":[{"href":"https:\/\/eldiariodesanpedro.com.ar\/sitio\/wp-json\/wp\/v2\/media?parent=46003"}],"wp:term":[{"taxonomy":"category","embeddable":true,"href":"https:\/\/eldiariodesanpedro.com.ar\/sitio\/wp-json\/wp\/v2\/categories?post=46003"},{"taxonomy":"post_tag","embeddable":true,"href":"https:\/\/eldiariodesanpedro.com.ar\/sitio\/wp-json\/wp\/v2\/tags?post=46003"}],"curies":[{"name":"wp","href":"https:\/\/api.w.org\/{rel}","templated":true}]}}