{"id":45996,"date":"2019-01-15T11:02:36","date_gmt":"2019-01-15T14:02:36","guid":{"rendered":"https:\/\/eldiariodesanpedro.com.ar\/sitio\/?p=45996"},"modified":"2019-01-15T12:12:39","modified_gmt":"2019-01-15T15:12:39","slug":"andres-galiano-fue-ascendido-a-comisario-y-andres-caretta-a-subcomisario","status":"publish","type":"post","link":"https:\/\/eldiariodesanpedro.com.ar\/sitio\/andres-galiano-fue-ascendido-a-comisario-y-andres-caretta-a-subcomisario\/","title":{"rendered":"Andr\u00e9s Galiano fue ascendido a Comisario y Andr\u00e9s Caretta a Subcomisario"},"content":{"rendered":"<!-- VideographyWP Plugin Message: Automatic video embedding prevented by plugin options. -->\n\n<p>Este lunes se conoci\u00f3 la noticia del ascenso de rango del subcomisario Andr\u00e9s Galeano pasando a ser oficialmente Comisario y del segundo en la comisar\u00eda de nuestra ciudad Andr\u00e9s Caretta al cargo que ocupaba el actual jefe de la dependencia. <\/p>\n\n\n\n<p>Tras la salida el pasado mes de septiembre de Juan Ram\u00f3n Catalano al mando de la dependencia de nuestra ciudad el lugar fue ocupado por el subcomisario Andr\u00e9s Galiano quien durante estos meses estuvo a cargo de la jefatura. Acompa\u00f1ado por Andr\u00e9s Caretta quien se encontraba como segundo al mando. <\/p>\n\n\n\n<p>Este lunes oficialmente el jefe de la dependencia local dej\u00f3 de ser subcomisario por decisi\u00f3n del Ministerio de Seguridad de la provincia de Buenos Aires, que conduce Cristian Ritondo para pasar a ser comisario  <br>y a su segundo, Andr\u00e9s Caretta, a subcomisario.<\/p>\n","protected":false},"excerpt":{"rendered":"<p>Este lunes se conoci\u00f3 la noticia del ascenso de rango del subcomisario Andr\u00e9s Galeano pasando a ser oficialmente Comisario y del segundo en la comisar\u00eda de nuestra ciudad Andr\u00e9s Caretta al cargo que ocupaba el actual jefe de la dependencia. Tras la salida el pasado mes de septiembre de Juan Ram\u00f3n Catalano al mando de [&hellip;]<\/p>\n","protected":false},"author":4,"featured_media":46001,"comment_status":"open","ping_status":"closed","sticky":false,"template":"","format":"standard","meta":{"om_disable_all_campaigns":false,"_jetpack_memberships_contains_paid_content":false,"footnotes":""},"categories":[2,103],"tags":[],"class_list":["post-45996","post","type-post","status-publish","format-standard","has-post-thumbnail","hentry","category-locales","category-policiales-locales"],"aioseo_notices":[],"gutentor_comment":0,"jetpack_featured_media_url":"https:\/\/eldiariodesanpedro.com.ar\/sitio\/wp-content\/uploads\/2019\/01\/img_20180906_102420-e1547560793388.jpg","jetpack_shortlink":"https:\/\/wp.me\/p6RhLt-bXS","jetpack_sharing_enabled":true,"_links":{"self":[{"href":"https:\/\/eldiariodesanpedro.com.ar\/sitio\/wp-json\/wp\/v2\/posts\/45996","targetHints":{"allow":["GET"]}}],"collection":[{"href":"https:\/\/eldiariodesanpedro.com.ar\/sitio\/wp-json\/wp\/v2\/posts"}],"about":[{"href":"https:\/\/eldiariodesanpedro.com.ar\/sitio\/wp-json\/wp\/v2\/types\/post"}],"author":[{"embeddable":true,"href":"https:\/\/eldiariodesanpedro.com.ar\/sitio\/wp-json\/wp\/v2\/users\/4"}],"replies":[{"embeddable":true,"href":"https:\/\/eldiariodesanpedro.com.ar\/sitio\/wp-json\/wp\/v2\/comments?post=45996"}],"version-history":[{"count":2,"href":"https:\/\/eldiariodesanpedro.com.ar\/sitio\/wp-json\/wp\/v2\/posts\/45996\/revisions"}],"predecessor-version":[{"id":46002,"href":"https:\/\/eldiariodesanpedro.com.ar\/sitio\/wp-json\/wp\/v2\/posts\/45996\/revisions\/46002"}],"wp:featuredmedia":[{"embeddable":true,"href":"https:\/\/eldiariodesanpedro.com.ar\/sitio\/wp-json\/wp\/v2\/media\/46001"}],"wp:attachment":[{"href":"https:\/\/eldiariodesanpedro.com.ar\/sitio\/wp-json\/wp\/v2\/media?parent=45996"}],"wp:term":[{"taxonomy":"category","embeddable":true,"href":"https:\/\/eldiariodesanpedro.com.ar\/sitio\/wp-json\/wp\/v2\/categories?post=45996"},{"taxonomy":"post_tag","embeddable":true,"href":"https:\/\/eldiariodesanpedro.com.ar\/sitio\/wp-json\/wp\/v2\/tags?post=45996"}],"curies":[{"name":"wp","href":"https:\/\/api.w.org\/{rel}","templated":true}]}}