{"id":45991,"date":"2019-01-15T10:29:58","date_gmt":"2019-01-15T13:29:58","guid":{"rendered":"https:\/\/eldiariodesanpedro.com.ar\/sitio\/?p=45991"},"modified":"2019-01-15T10:30:07","modified_gmt":"2019-01-15T13:30:07","slug":"zarate-un-buque-llevo-por-delante-a-una-pequena-embarcacion-en-el-rio-parana-video","status":"publish","type":"post","link":"https:\/\/eldiariodesanpedro.com.ar\/sitio\/zarate-un-buque-llevo-por-delante-a-una-pequena-embarcacion-en-el-rio-parana-video\/","title":{"rendered":"Z\u00c1RATE: Un buque llev\u00f3 por delante a una peque\u00f1a embarcaci\u00f3n en el R\u00edo Paran\u00e1 (Video)"},"content":{"rendered":"<!-- VideographyWP Plugin Message: Automatic video embedding prevented by plugin options. -->\n\n<p>\n\nEl hecho sucedi\u00f3 este s\u00e1bado pasado en el R\u00edo Paran\u00e1, a la altura de los clubes n\u00e1uticos de Z\u00e1rate.<\/p>\n\n\n\n<p>Dos muchachos que estaban en una peque\u00f1a embarcaci\u00f3n cayeron al agua producto del oleaje producido por un buque, al cual se lo encontraron de frente.<\/p>\n\n\n\n<p>Ambos pudieron ser rescatados y llevados hasta la base de Prefectura ubicada en la Costanera de la ciudad. Tambi\u00e9n se hizo presente la ambulancia del SEMU a cargo de Bomberos Voluntarios.<\/p>\n\n\n\n<p>Fuente: <a href=\"http:\/\/www.enlacecritico.com\/\">Enlace Critico<\/a><\/p>\n\n\n\n<figure class=\"wp-block-embed-youtube wp-block-embed is-type-video is-provider-youtube wp-embed-aspect-4-3 wp-has-aspect-ratio\"><div class=\"wp-block-embed__wrapper\">\n<iframe  style=\"display: block; margin: 0px auto;\"  id=\"_ytid_88129\"  width=\"640\" height=\"360\"  data-origwidth=\"640\" data-origheight=\"360\" src=\"https:\/\/www.youtube.com\/embed\/Vrp6rHeNs08?enablejsapi=1&#038;autoplay=0&#038;cc_load_policy=0&#038;cc_lang_pref=&#038;iv_load_policy=1&#038;loop=0&#038;rel=1&#038;fs=1&#038;playsinline=0&#038;autohide=2&#038;theme=dark&#038;color=red&#038;controls=1&#038;disablekb=0&#038;\" class=\"__youtube_prefs__  epyt-is-override  no-lazyload\" title=\"YouTube player\"  allow=\"fullscreen; accelerometer; autoplay; clipboard-write; encrypted-media; gyroscope; picture-in-picture; web-share\" referrerpolicy=\"strict-origin-when-cross-origin\" allowfullscreen data-no-lazy=\"1\" data-skipgform_ajax_framebjll=\"\"><\/iframe>\n<\/div><\/figure>\n","protected":false},"excerpt":{"rendered":"<p>El hecho sucedi\u00f3 este s\u00e1bado pasado en el R\u00edo Paran\u00e1, a la altura de los clubes n\u00e1uticos de Z\u00e1rate. Dos muchachos que estaban en una peque\u00f1a embarcaci\u00f3n cayeron al agua producto del oleaje producido por un buque, al cual se lo encontraron de frente. Ambos pudieron ser rescatados y llevados hasta la base de Prefectura [&hellip;]<\/p>\n","protected":false},"author":4,"featured_media":45992,"comment_status":"open","ping_status":"closed","sticky":false,"template":"","format":"standard","meta":{"om_disable_all_campaigns":false,"_jetpack_memberships_contains_paid_content":false,"footnotes":""},"categories":[621],"tags":[],"class_list":["post-45991","post","type-post","status-publish","format-standard","has-post-thumbnail","hentry","category-regionales"],"aioseo_notices":[],"gutentor_comment":0,"jetpack_featured_media_url":"https:\/\/eldiariodesanpedro.com.ar\/sitio\/wp-content\/uploads\/2019\/01\/zarate_44.jpg","jetpack_shortlink":"https:\/\/wp.me\/p6RhLt-bXN","jetpack_sharing_enabled":true,"_links":{"self":[{"href":"https:\/\/eldiariodesanpedro.com.ar\/sitio\/wp-json\/wp\/v2\/posts\/45991","targetHints":{"allow":["GET"]}}],"collection":[{"href":"https:\/\/eldiariodesanpedro.com.ar\/sitio\/wp-json\/wp\/v2\/posts"}],"about":[{"href":"https:\/\/eldiariodesanpedro.com.ar\/sitio\/wp-json\/wp\/v2\/types\/post"}],"author":[{"embeddable":true,"href":"https:\/\/eldiariodesanpedro.com.ar\/sitio\/wp-json\/wp\/v2\/users\/4"}],"replies":[{"embeddable":true,"href":"https:\/\/eldiariodesanpedro.com.ar\/sitio\/wp-json\/wp\/v2\/comments?post=45991"}],"version-history":[{"count":1,"href":"https:\/\/eldiariodesanpedro.com.ar\/sitio\/wp-json\/wp\/v2\/posts\/45991\/revisions"}],"predecessor-version":[{"id":45993,"href":"https:\/\/eldiariodesanpedro.com.ar\/sitio\/wp-json\/wp\/v2\/posts\/45991\/revisions\/45993"}],"wp:featuredmedia":[{"embeddable":true,"href":"https:\/\/eldiariodesanpedro.com.ar\/sitio\/wp-json\/wp\/v2\/media\/45992"}],"wp:attachment":[{"href":"https:\/\/eldiariodesanpedro.com.ar\/sitio\/wp-json\/wp\/v2\/media?parent=45991"}],"wp:term":[{"taxonomy":"category","embeddable":true,"href":"https:\/\/eldiariodesanpedro.com.ar\/sitio\/wp-json\/wp\/v2\/categories?post=45991"},{"taxonomy":"post_tag","embeddable":true,"href":"https:\/\/eldiariodesanpedro.com.ar\/sitio\/wp-json\/wp\/v2\/tags?post=45991"}],"curies":[{"name":"wp","href":"https:\/\/api.w.org\/{rel}","templated":true}]}}