{"id":45989,"date":"2019-01-15T10:34:33","date_gmt":"2019-01-15T13:34:33","guid":{"rendered":"https:\/\/eldiariodesanpedro.com.ar\/sitio\/?p=45989"},"modified":"2019-01-15T10:34:40","modified_gmt":"2019-01-15T13:34:40","slug":"santa-lucia-aprehendido-por-provocar-danos-en-la-casa-de-su-pareja","status":"publish","type":"post","link":"https:\/\/eldiariodesanpedro.com.ar\/sitio\/santa-lucia-aprehendido-por-provocar-danos-en-la-casa-de-su-pareja\/","title":{"rendered":"Santa Lucia: Aprehendido por provocar da\u00f1os en la casa de su pareja"},"content":{"rendered":"<!-- VideographyWP Plugin Message: Automatic video embedding prevented by plugin options. -->\n\n<p>Sucedi\u00f3 alrededor de las 10 horas del d\u00eda lunes, el hombre de 31 a\u00f1os de edad, tras discusi\u00f3n con su pareja, comenz\u00f3 a provocar da\u00f1os en la vivienda de la misma.<\/p>\n\n\n\n<p>La victima alerto r\u00e1pidamente al personal policial del destacamento de Santa Lucia y tras r\u00e1pido accionar de los efectivos,  lograron reducirlo.<\/p>\n\n\n\n<p>El agresor permanece alojado en la dependencia a la espera de la UFI N\u00ba5.<\/p>\n\n\n\n<p><\/p>\n\n\n\n<p><br><\/p>\n","protected":false},"excerpt":{"rendered":"<p>Sucedi\u00f3 alrededor de las 10 horas del d\u00eda lunes, el hombre de 31 a\u00f1os de edad, tras discusi\u00f3n con su pareja, comenz\u00f3 a provocar da\u00f1os en la vivienda de la misma. La victima alerto r\u00e1pidamente al personal policial del destacamento de Santa Lucia y tras r\u00e1pido accionar de los efectivos, lograron reducirlo. El agresor permanece [&hellip;]<\/p>\n","protected":false},"author":4,"featured_media":30195,"comment_status":"open","ping_status":"closed","sticky":false,"template":"","format":"standard","meta":{"om_disable_all_campaigns":false,"_jetpack_memberships_contains_paid_content":false,"footnotes":""},"categories":[2,103],"tags":[],"class_list":["post-45989","post","type-post","status-publish","format-standard","has-post-thumbnail","hentry","category-locales","category-policiales-locales"],"aioseo_notices":[],"gutentor_comment":0,"jetpack_featured_media_url":"https:\/\/eldiariodesanpedro.com.ar\/sitio\/wp-content\/uploads\/2018\/03\/Aprehendido-y-ofuscado.jpg","jetpack_shortlink":"https:\/\/wp.me\/p6RhLt-bXL","jetpack_sharing_enabled":true,"_links":{"self":[{"href":"https:\/\/eldiariodesanpedro.com.ar\/sitio\/wp-json\/wp\/v2\/posts\/45989","targetHints":{"allow":["GET"]}}],"collection":[{"href":"https:\/\/eldiariodesanpedro.com.ar\/sitio\/wp-json\/wp\/v2\/posts"}],"about":[{"href":"https:\/\/eldiariodesanpedro.com.ar\/sitio\/wp-json\/wp\/v2\/types\/post"}],"author":[{"embeddable":true,"href":"https:\/\/eldiariodesanpedro.com.ar\/sitio\/wp-json\/wp\/v2\/users\/4"}],"replies":[{"embeddable":true,"href":"https:\/\/eldiariodesanpedro.com.ar\/sitio\/wp-json\/wp\/v2\/comments?post=45989"}],"version-history":[{"count":1,"href":"https:\/\/eldiariodesanpedro.com.ar\/sitio\/wp-json\/wp\/v2\/posts\/45989\/revisions"}],"predecessor-version":[{"id":45997,"href":"https:\/\/eldiariodesanpedro.com.ar\/sitio\/wp-json\/wp\/v2\/posts\/45989\/revisions\/45997"}],"wp:featuredmedia":[{"embeddable":true,"href":"https:\/\/eldiariodesanpedro.com.ar\/sitio\/wp-json\/wp\/v2\/media\/30195"}],"wp:attachment":[{"href":"https:\/\/eldiariodesanpedro.com.ar\/sitio\/wp-json\/wp\/v2\/media?parent=45989"}],"wp:term":[{"taxonomy":"category","embeddable":true,"href":"https:\/\/eldiariodesanpedro.com.ar\/sitio\/wp-json\/wp\/v2\/categories?post=45989"},{"taxonomy":"post_tag","embeddable":true,"href":"https:\/\/eldiariodesanpedro.com.ar\/sitio\/wp-json\/wp\/v2\/tags?post=45989"}],"curies":[{"name":"wp","href":"https:\/\/api.w.org\/{rel}","templated":true}]}}