{"id":45984,"date":"2019-01-15T10:26:37","date_gmt":"2019-01-15T13:26:37","guid":{"rendered":"https:\/\/eldiariodesanpedro.com.ar\/sitio\/?p=45984"},"modified":"2019-01-15T10:26:42","modified_gmt":"2019-01-15T13:26:42","slug":"baradero-multaron-a-la-empresa-que-derrumbo-parcialmente-el-frente-historico-de-una-vivienda","status":"publish","type":"post","link":"https:\/\/eldiariodesanpedro.com.ar\/sitio\/baradero-multaron-a-la-empresa-que-derrumbo-parcialmente-el-frente-historico-de-una-vivienda\/","title":{"rendered":"BARADERO: Multaron a la empresa que derrumb\u00f3 parcialmente el frente hist\u00f3rico de una vivienda"},"content":{"rendered":"<!-- VideographyWP Plugin Message: Automatic video embedding prevented by plugin options. -->\n\n<p>\n\nSe trata de la obra ubicada en calle Santa Mar\u00eda de Oro entre Araoz y S\u00e1enz.<\/p>\n\n\n\n<p>Esta ma\u00f1ana en Contacto Directo, el Arquitecto Pablo Correa perteneciente al \u00e1rea de planeamiento local, arm\u00f3 que la empresa constructora fue multada. Por lo ocurrido, el inspector de obra elabor\u00f3 un acta de infracci\u00f3n en la cual, adem\u00e1s se menciona la reconstrucci\u00f3n de la fachada del lugar en los pr\u00f3ximos d\u00edas. Correa arm\u00f3 que el frente \u201ces recuperable\u201d y que tienen a disposici\u00f3n un relevamiento fotogr\u00e1fico y planos para que quede lo mejor posible.<\/p>\n\n\n\n<p>Fuente: <a href=\"https:\/\/tulineadirecta.com\/\">Tu L\u00ednea Directa<\/a><\/p>\n","protected":false},"excerpt":{"rendered":"<p>Se trata de la obra ubicada en calle Santa Mar\u00eda de Oro entre Araoz y S\u00e1enz. Esta ma\u00f1ana en Contacto Directo, el Arquitecto Pablo Correa perteneciente al \u00e1rea de planeamiento local, arm\u00f3 que la empresa constructora fue multada. Por lo ocurrido, el inspector de obra elabor\u00f3 un acta de infracci\u00f3n en la cual, adem\u00e1s se [&hellip;]<\/p>\n","protected":false},"author":4,"featured_media":45986,"comment_status":"open","ping_status":"closed","sticky":false,"template":"","format":"standard","meta":{"om_disable_all_campaigns":false,"_jetpack_memberships_contains_paid_content":false,"footnotes":""},"categories":[621],"tags":[],"class_list":["post-45984","post","type-post","status-publish","format-standard","has-post-thumbnail","hentry","category-regionales"],"aioseo_notices":[],"gutentor_comment":0,"jetpack_featured_media_url":"https:\/\/eldiariodesanpedro.com.ar\/sitio\/wp-content\/uploads\/2019\/01\/baradero_9.jpg","jetpack_shortlink":"https:\/\/wp.me\/p6RhLt-bXG","jetpack_sharing_enabled":true,"_links":{"self":[{"href":"https:\/\/eldiariodesanpedro.com.ar\/sitio\/wp-json\/wp\/v2\/posts\/45984","targetHints":{"allow":["GET"]}}],"collection":[{"href":"https:\/\/eldiariodesanpedro.com.ar\/sitio\/wp-json\/wp\/v2\/posts"}],"about":[{"href":"https:\/\/eldiariodesanpedro.com.ar\/sitio\/wp-json\/wp\/v2\/types\/post"}],"author":[{"embeddable":true,"href":"https:\/\/eldiariodesanpedro.com.ar\/sitio\/wp-json\/wp\/v2\/users\/4"}],"replies":[{"embeddable":true,"href":"https:\/\/eldiariodesanpedro.com.ar\/sitio\/wp-json\/wp\/v2\/comments?post=45984"}],"version-history":[{"count":1,"href":"https:\/\/eldiariodesanpedro.com.ar\/sitio\/wp-json\/wp\/v2\/posts\/45984\/revisions"}],"predecessor-version":[{"id":45990,"href":"https:\/\/eldiariodesanpedro.com.ar\/sitio\/wp-json\/wp\/v2\/posts\/45984\/revisions\/45990"}],"wp:featuredmedia":[{"embeddable":true,"href":"https:\/\/eldiariodesanpedro.com.ar\/sitio\/wp-json\/wp\/v2\/media\/45986"}],"wp:attachment":[{"href":"https:\/\/eldiariodesanpedro.com.ar\/sitio\/wp-json\/wp\/v2\/media?parent=45984"}],"wp:term":[{"taxonomy":"category","embeddable":true,"href":"https:\/\/eldiariodesanpedro.com.ar\/sitio\/wp-json\/wp\/v2\/categories?post=45984"},{"taxonomy":"post_tag","embeddable":true,"href":"https:\/\/eldiariodesanpedro.com.ar\/sitio\/wp-json\/wp\/v2\/tags?post=45984"}],"curies":[{"name":"wp","href":"https:\/\/api.w.org\/{rel}","templated":true}]}}