{"id":45978,"date":"2019-01-15T10:24:18","date_gmt":"2019-01-15T13:24:18","guid":{"rendered":"https:\/\/eldiariodesanpedro.com.ar\/sitio\/?p=45978"},"modified":"2019-01-15T10:24:27","modified_gmt":"2019-01-15T13:24:27","slug":"santa-lucia-un-joven-provocaba-disturbios-en-estado-de-ebriedad-con-un-arma-blanca","status":"publish","type":"post","link":"https:\/\/eldiariodesanpedro.com.ar\/sitio\/santa-lucia-un-joven-provocaba-disturbios-en-estado-de-ebriedad-con-un-arma-blanca\/","title":{"rendered":"Santa Lucia: Un joven provocaba disturbios en estado de ebriedad con un arma blanca"},"content":{"rendered":"<!-- VideographyWP Plugin Message: Automatic video embedding prevented by plugin options. -->\n\n<p>El hecho ocurri\u00f3 en la localidad vecina, cuando un joven de 18 a\u00f1os de edad provocaba disturbios en estado de ebriedad.<\/p>\n\n\n\n<p>La policial tras ser alertada por vecino y tras r\u00e1pido accionar, logra su aprehensi\u00f3n.<\/p>\n\n\n\n<p>Ademas este sujeto tenia en su poder un arma blanca, tipo cuchillo con la cual amenazaba a los vecinos.<\/p>\n\n\n\n<p>Es alojado en la dependencia local.<\/p>\n\n\n\n<p><br><\/p>\n","protected":false},"excerpt":{"rendered":"<p>El hecho ocurri\u00f3 en la localidad vecina, cuando un joven de 18 a\u00f1os de edad provocaba disturbios en estado de ebriedad. La policial tras ser alertada por vecino y tras r\u00e1pido accionar, logra su aprehensi\u00f3n. Ademas este sujeto tenia en su poder un arma blanca, tipo cuchillo con la cual amenazaba a los vecinos. Es [&hellip;]<\/p>\n","protected":false},"author":4,"featured_media":32908,"comment_status":"open","ping_status":"closed","sticky":false,"template":"","format":"standard","meta":{"om_disable_all_campaigns":false,"_jetpack_memberships_contains_paid_content":false,"footnotes":""},"categories":[2,103],"tags":[],"class_list":["post-45978","post","type-post","status-publish","format-standard","has-post-thumbnail","hentry","category-locales","category-policiales-locales"],"aioseo_notices":[],"gutentor_comment":0,"jetpack_featured_media_url":"https:\/\/eldiariodesanpedro.com.ar\/sitio\/wp-content\/uploads\/2018\/05\/patrullero-nuevo_3.jpg","jetpack_shortlink":"https:\/\/wp.me\/p6RhLt-bXA","jetpack_sharing_enabled":true,"_links":{"self":[{"href":"https:\/\/eldiariodesanpedro.com.ar\/sitio\/wp-json\/wp\/v2\/posts\/45978","targetHints":{"allow":["GET"]}}],"collection":[{"href":"https:\/\/eldiariodesanpedro.com.ar\/sitio\/wp-json\/wp\/v2\/posts"}],"about":[{"href":"https:\/\/eldiariodesanpedro.com.ar\/sitio\/wp-json\/wp\/v2\/types\/post"}],"author":[{"embeddable":true,"href":"https:\/\/eldiariodesanpedro.com.ar\/sitio\/wp-json\/wp\/v2\/users\/4"}],"replies":[{"embeddable":true,"href":"https:\/\/eldiariodesanpedro.com.ar\/sitio\/wp-json\/wp\/v2\/comments?post=45978"}],"version-history":[{"count":1,"href":"https:\/\/eldiariodesanpedro.com.ar\/sitio\/wp-json\/wp\/v2\/posts\/45978\/revisions"}],"predecessor-version":[{"id":45985,"href":"https:\/\/eldiariodesanpedro.com.ar\/sitio\/wp-json\/wp\/v2\/posts\/45978\/revisions\/45985"}],"wp:featuredmedia":[{"embeddable":true,"href":"https:\/\/eldiariodesanpedro.com.ar\/sitio\/wp-json\/wp\/v2\/media\/32908"}],"wp:attachment":[{"href":"https:\/\/eldiariodesanpedro.com.ar\/sitio\/wp-json\/wp\/v2\/media?parent=45978"}],"wp:term":[{"taxonomy":"category","embeddable":true,"href":"https:\/\/eldiariodesanpedro.com.ar\/sitio\/wp-json\/wp\/v2\/categories?post=45978"},{"taxonomy":"post_tag","embeddable":true,"href":"https:\/\/eldiariodesanpedro.com.ar\/sitio\/wp-json\/wp\/v2\/tags?post=45978"}],"curies":[{"name":"wp","href":"https:\/\/api.w.org\/{rel}","templated":true}]}}