{"id":45975,"date":"2019-01-15T10:21:15","date_gmt":"2019-01-15T13:21:15","guid":{"rendered":"https:\/\/eldiariodesanpedro.com.ar\/sitio\/?p=45975"},"modified":"2019-01-15T10:23:38","modified_gmt":"2019-01-15T13:23:38","slug":"campana-conductor-volco-en-la-panamericana","status":"publish","type":"post","link":"https:\/\/eldiariodesanpedro.com.ar\/sitio\/campana-conductor-volco-en-la-panamericana\/","title":{"rendered":"CAMPANA: Conductor volc\u00f3 en la Panamericana"},"content":{"rendered":"<!-- VideographyWP Plugin Message: Automatic video embedding prevented by plugin options. -->\n\n<p> Fue en horas de la ma\u00f1ana, a la altura del kil\u00f3metro 75, sentido a Provincia. Tras perder el control de su veh\u00edculo, el automovilista result\u00f3 herido. Asistieron Bomberos y el Same. <\/p>\n\n\n\n<p>\n\nUn accidente dej\u00f3 el saldo de una persona herida. Ocurri\u00f3 cerca de las 8 de la ma\u00f1ana de ayer, sobre la Panamericana, a la altura del kil\u00f3metro 75, sentido a Provincia.<\/p>\n\n\n\n<p>Por el lugar transitaba un Ford Escort, cuando el conductor perdi\u00f3 el control por causas no determinadas. El rodado volc\u00f3 y el automovilista sufri\u00f3 varias heridas.<\/p>\n\n\n\n<p>La v\u00edctima fue identificada como Marcos Mart\u00ednez, quien fue auxiliado por el m\u00f3vil 2 del Same a cargo del Doctor Huller. Tambi\u00e9n se hizo presente el m\u00f3vil 43 de Bomberos a cargo del Principal Valdez.<\/p>\n\n\n\n<p>Colaboraron en la escena los m\u00f3viles 3 y 7 del CP, y personal de 5 Vial. <\/p>\n\n\n\n<p>Fuente: <a href=\"http:\/\/www.campananoticias.com\">Campana Noticias<\/a><\/p>\n\n\n\n<figure class=\"wp-block-image is-resized\"><img decoding=\"async\" data-attachment-id=\"45980\" data-permalink=\"https:\/\/eldiariodesanpedro.com.ar\/sitio\/campana-conductor-volco-en-la-panamericana\/attachment\/20190114082133\/\" data-orig-file=\"https:\/\/eldiariodesanpedro.com.ar\/sitio\/wp-content\/uploads\/2019\/01\/20190114082133.jpg\" data-orig-size=\"470,353\" data-comments-opened=\"1\" data-image-meta=\"{&quot;aperture&quot;:&quot;0&quot;,&quot;credit&quot;:&quot;&quot;,&quot;camera&quot;:&quot;&quot;,&quot;caption&quot;:&quot;&quot;,&quot;created_timestamp&quot;:&quot;0&quot;,&quot;copyright&quot;:&quot;&quot;,&quot;focal_length&quot;:&quot;0&quot;,&quot;iso&quot;:&quot;0&quot;,&quot;shutter_speed&quot;:&quot;0&quot;,&quot;title&quot;:&quot;&quot;,&quot;orientation&quot;:&quot;0&quot;}\" data-image-title=\"20190114082133\" data-image-description=\"\" data-image-caption=\"\" data-large-file=\"https:\/\/eldiariodesanpedro.com.ar\/sitio\/wp-content\/uploads\/2019\/01\/20190114082133.jpg\" data-src=\"https:\/\/eldiariodesanpedro.com.ar\/sitio\/wp-content\/uploads\/2019\/01\/20190114082133.jpg\" alt=\"\" class=\"wp-image-45980 lazyload\" width=\"588\" height=\"441\" data-srcset=\"https:\/\/eldiariodesanpedro.com.ar\/sitio\/wp-content\/uploads\/2019\/01\/20190114082133.jpg 470w, https:\/\/eldiariodesanpedro.com.ar\/sitio\/wp-content\/uploads\/2019\/01\/20190114082133-300x225.jpg 300w\" data-sizes=\"(max-width: 588px) 100vw, 588px\" src=\"data:image\/svg+xml;base64,PHN2ZyB3aWR0aD0iMSIgaGVpZ2h0PSIxIiB4bWxucz0iaHR0cDovL3d3dy53My5vcmcvMjAwMC9zdmciPjwvc3ZnPg==\" style=\"--smush-placeholder-width: 588px; --smush-placeholder-aspect-ratio: 588\/441;\" \/><\/figure>\n","protected":false},"excerpt":{"rendered":"<p>Fue en horas de la ma\u00f1ana, a la altura del kil\u00f3metro 75, sentido a Provincia. Tras perder el control de su veh\u00edculo, el automovilista result\u00f3 herido. Asistieron Bomberos y el Same. Un accidente dej\u00f3 el saldo de una persona herida. Ocurri\u00f3 cerca de las 8 de la ma\u00f1ana de ayer, sobre la Panamericana, a la [&hellip;]<\/p>\n","protected":false},"author":4,"featured_media":45979,"comment_status":"open","ping_status":"closed","sticky":false,"template":"","format":"standard","meta":{"om_disable_all_campaigns":false,"_jetpack_memberships_contains_paid_content":false,"footnotes":""},"categories":[621],"tags":[],"class_list":["post-45975","post","type-post","status-publish","format-standard","has-post-thumbnail","hentry","category-regionales"],"aioseo_notices":[],"gutentor_comment":0,"jetpack_featured_media_url":"https:\/\/eldiariodesanpedro.com.ar\/sitio\/wp-content\/uploads\/2019\/01\/20190114082044.jpg","jetpack_shortlink":"https:\/\/wp.me\/p6RhLt-bXx","jetpack_sharing_enabled":true,"_links":{"self":[{"href":"https:\/\/eldiariodesanpedro.com.ar\/sitio\/wp-json\/wp\/v2\/posts\/45975","targetHints":{"allow":["GET"]}}],"collection":[{"href":"https:\/\/eldiariodesanpedro.com.ar\/sitio\/wp-json\/wp\/v2\/posts"}],"about":[{"href":"https:\/\/eldiariodesanpedro.com.ar\/sitio\/wp-json\/wp\/v2\/types\/post"}],"author":[{"embeddable":true,"href":"https:\/\/eldiariodesanpedro.com.ar\/sitio\/wp-json\/wp\/v2\/users\/4"}],"replies":[{"embeddable":true,"href":"https:\/\/eldiariodesanpedro.com.ar\/sitio\/wp-json\/wp\/v2\/comments?post=45975"}],"version-history":[{"count":2,"href":"https:\/\/eldiariodesanpedro.com.ar\/sitio\/wp-json\/wp\/v2\/posts\/45975\/revisions"}],"predecessor-version":[{"id":45983,"href":"https:\/\/eldiariodesanpedro.com.ar\/sitio\/wp-json\/wp\/v2\/posts\/45975\/revisions\/45983"}],"wp:featuredmedia":[{"embeddable":true,"href":"https:\/\/eldiariodesanpedro.com.ar\/sitio\/wp-json\/wp\/v2\/media\/45979"}],"wp:attachment":[{"href":"https:\/\/eldiariodesanpedro.com.ar\/sitio\/wp-json\/wp\/v2\/media?parent=45975"}],"wp:term":[{"taxonomy":"category","embeddable":true,"href":"https:\/\/eldiariodesanpedro.com.ar\/sitio\/wp-json\/wp\/v2\/categories?post=45975"},{"taxonomy":"post_tag","embeddable":true,"href":"https:\/\/eldiariodesanpedro.com.ar\/sitio\/wp-json\/wp\/v2\/tags?post=45975"}],"curies":[{"name":"wp","href":"https:\/\/api.w.org\/{rel}","templated":true}]}}