{"id":45971,"date":"2019-01-15T10:16:10","date_gmt":"2019-01-15T13:16:10","guid":{"rendered":"https:\/\/eldiariodesanpedro.com.ar\/sitio\/?p=45971"},"modified":"2019-01-15T10:16:20","modified_gmt":"2019-01-15T13:16:20","slug":"san-nicolas-voraz-incendio-de-un-automovil-en-la-puerta-del-palacio-municipal","status":"publish","type":"post","link":"https:\/\/eldiariodesanpedro.com.ar\/sitio\/san-nicolas-voraz-incendio-de-un-automovil-en-la-puerta-del-palacio-municipal\/","title":{"rendered":"SAN NICOL\u00c1S: Voraz incendio de un autom\u00f3vil en la puerta del palacio municipal"},"content":{"rendered":"<!-- VideographyWP Plugin Message: Automatic video embedding prevented by plugin options. -->\n\n<p>\n\nUna dotaci\u00f3n de Bomberos debi\u00f3 acudir a un llamado a emergencias a las 16.30 hs que daba cuenta del incendio de un Chevrolet Corsa en las puertas del palacio municipal.<\/p>\n\n\n\n<p>Trascendi\u00f3 que su conductor, Jos\u00e9 Svilicich de 74 a\u00f1os, se encontraba a metros de la esquina de Rivadavia y Pellegrini haciendo maniobras para estacionar y por razones que desconoce, observ\u00f3 humo en el interior del motor por lo que descendi\u00f3 del mismo y pidi\u00f3 ayuda.<\/p>\n\n\n\n<p>Al ver que el fuego ganaba el habit\u00e1culo se alej\u00f3 del mismo hasta el arribo de bomberos que sofocaron el foco.<\/p>\n\n\n\n<p>Las p\u00e9rdidas del Corsa fueron totales.<\/p>\n\n\n\n<p>Se realizar\u00e1n las pericias correspondientes para determinar las causales del siniestro. <\/p>\n\n\n\n<p>Fuente: <a href=\"http:\/\/www.diarioelinformante.com.ar\">Diario El Informante<\/a><\/p>\n\n\n\n<figure class=\"wp-block-image\"><img decoding=\"async\" width=\"700\" height=\"394\" data-attachment-id=\"45972\" data-permalink=\"https:\/\/eldiariodesanpedro.com.ar\/sitio\/san-nicolas-voraz-incendio-de-un-automovil-en-la-puerta-del-palacio-municipal\/no_4l1qpdcmxidios6incendio_2\/\" data-orig-file=\"https:\/\/eldiariodesanpedro.com.ar\/sitio\/wp-content\/uploads\/2019\/01\/no_4l1qpdcmxidios6incendio_2.jpg\" data-orig-size=\"700,394\" data-comments-opened=\"1\" data-image-meta=\"{&quot;aperture&quot;:&quot;0&quot;,&quot;credit&quot;:&quot;&quot;,&quot;camera&quot;:&quot;&quot;,&quot;caption&quot;:&quot;&quot;,&quot;created_timestamp&quot;:&quot;0&quot;,&quot;copyright&quot;:&quot;&quot;,&quot;focal_length&quot;:&quot;0&quot;,&quot;iso&quot;:&quot;0&quot;,&quot;shutter_speed&quot;:&quot;0&quot;,&quot;title&quot;:&quot;&quot;,&quot;orientation&quot;:&quot;0&quot;}\" data-image-title=\"no_4l1qpdcmxidios6incendio_2\" data-image-description=\"\" data-image-caption=\"\" data-large-file=\"https:\/\/eldiariodesanpedro.com.ar\/sitio\/wp-content\/uploads\/2019\/01\/no_4l1qpdcmxidios6incendio_2.jpg\" data-src=\"https:\/\/eldiariodesanpedro.com.ar\/sitio\/wp-content\/uploads\/2019\/01\/no_4l1qpdcmxidios6incendio_2.jpg\" alt=\"\" class=\"wp-image-45972 lazyload\" data-srcset=\"https:\/\/eldiariodesanpedro.com.ar\/sitio\/wp-content\/uploads\/2019\/01\/no_4l1qpdcmxidios6incendio_2.jpg 700w, https:\/\/eldiariodesanpedro.com.ar\/sitio\/wp-content\/uploads\/2019\/01\/no_4l1qpdcmxidios6incendio_2-300x169.jpg 300w\" data-sizes=\"(max-width: 700px) 100vw, 700px\" src=\"data:image\/svg+xml;base64,PHN2ZyB3aWR0aD0iMSIgaGVpZ2h0PSIxIiB4bWxucz0iaHR0cDovL3d3dy53My5vcmcvMjAwMC9zdmciPjwvc3ZnPg==\" style=\"--smush-placeholder-width: 700px; --smush-placeholder-aspect-ratio: 700\/394;\" \/><\/figure>\n","protected":false},"excerpt":{"rendered":"<p>Una dotaci\u00f3n de Bomberos debi\u00f3 acudir a un llamado a emergencias a las 16.30 hs que daba cuenta del incendio de un Chevrolet Corsa en las puertas del palacio municipal. Trascendi\u00f3 que su conductor, Jos\u00e9 Svilicich de 74 a\u00f1os, se encontraba a metros de la esquina de Rivadavia y Pellegrini haciendo maniobras para estacionar y [&hellip;]<\/p>\n","protected":false},"author":4,"featured_media":45973,"comment_status":"open","ping_status":"closed","sticky":false,"template":"","format":"standard","meta":{"om_disable_all_campaigns":false,"_jetpack_memberships_contains_paid_content":false,"footnotes":""},"categories":[621],"tags":[],"class_list":["post-45971","post","type-post","status-publish","format-standard","has-post-thumbnail","hentry","category-regionales"],"aioseo_notices":[],"gutentor_comment":0,"jetpack_featured_media_url":"https:\/\/eldiariodesanpedro.com.ar\/sitio\/wp-content\/uploads\/2019\/01\/no_yr7m6fhmzyp1sjlincendio_1.jpg","jetpack_shortlink":"https:\/\/wp.me\/p6RhLt-bXt","jetpack_sharing_enabled":true,"_links":{"self":[{"href":"https:\/\/eldiariodesanpedro.com.ar\/sitio\/wp-json\/wp\/v2\/posts\/45971","targetHints":{"allow":["GET"]}}],"collection":[{"href":"https:\/\/eldiariodesanpedro.com.ar\/sitio\/wp-json\/wp\/v2\/posts"}],"about":[{"href":"https:\/\/eldiariodesanpedro.com.ar\/sitio\/wp-json\/wp\/v2\/types\/post"}],"author":[{"embeddable":true,"href":"https:\/\/eldiariodesanpedro.com.ar\/sitio\/wp-json\/wp\/v2\/users\/4"}],"replies":[{"embeddable":true,"href":"https:\/\/eldiariodesanpedro.com.ar\/sitio\/wp-json\/wp\/v2\/comments?post=45971"}],"version-history":[{"count":1,"href":"https:\/\/eldiariodesanpedro.com.ar\/sitio\/wp-json\/wp\/v2\/posts\/45971\/revisions"}],"predecessor-version":[{"id":45974,"href":"https:\/\/eldiariodesanpedro.com.ar\/sitio\/wp-json\/wp\/v2\/posts\/45971\/revisions\/45974"}],"wp:featuredmedia":[{"embeddable":true,"href":"https:\/\/eldiariodesanpedro.com.ar\/sitio\/wp-json\/wp\/v2\/media\/45973"}],"wp:attachment":[{"href":"https:\/\/eldiariodesanpedro.com.ar\/sitio\/wp-json\/wp\/v2\/media?parent=45971"}],"wp:term":[{"taxonomy":"category","embeddable":true,"href":"https:\/\/eldiariodesanpedro.com.ar\/sitio\/wp-json\/wp\/v2\/categories?post=45971"},{"taxonomy":"post_tag","embeddable":true,"href":"https:\/\/eldiariodesanpedro.com.ar\/sitio\/wp-json\/wp\/v2\/tags?post=45971"}],"curies":[{"name":"wp","href":"https:\/\/api.w.org\/{rel}","templated":true}]}}