{"id":45968,"date":"2019-01-15T10:16:55","date_gmt":"2019-01-15T13:16:55","guid":{"rendered":"https:\/\/eldiariodesanpedro.com.ar\/sitio\/?p=45968"},"modified":"2019-01-15T10:17:02","modified_gmt":"2019-01-15T13:17:02","slug":"robaron-materiales-de-una-vivienda-en-construccion","status":"publish","type":"post","link":"https:\/\/eldiariodesanpedro.com.ar\/sitio\/robaron-materiales-de-una-vivienda-en-construccion\/","title":{"rendered":"Robaron materiales de una vivienda en construcci\u00f3n"},"content":{"rendered":"<!-- VideographyWP Plugin Message: Automatic video embedding prevented by plugin options. -->\n\n<p>Su propietaria, una mujer de 44 a\u00f1os de edad, lo denuncio en la dependencia local.  Le sustrajeron materiales,  griferia y un botiqu\u00edn. <\/p>\n\n\n\n<p>La construcci\u00f3n esta ubicada sobre calle Las Provincias al 2500, cuando su moradora llega al lugar constata que delincuentes ignorados ingresaron forzando la reja de una ventana.<\/p>\n\n\n\n<p>Lograron sustraer un botiqu\u00edn, griferia y materiales para terminar la obra.<\/p>\n\n\n\n<p>La causa queda a investigaci\u00f3n de la UFI N\u00ba5 del Dr Manso.<\/p>\n\n\n\n<p><br><\/p>\n","protected":false},"excerpt":{"rendered":"<p>Su propietaria, una mujer de 44 a\u00f1os de edad, lo denuncio en la dependencia local. Le sustrajeron materiales, griferia y un botiqu\u00edn. La construcci\u00f3n esta ubicada sobre calle Las Provincias al 2500, cuando su moradora llega al lugar constata que delincuentes ignorados ingresaron forzando la reja de una ventana. Lograron sustraer un botiqu\u00edn, griferia y [&hellip;]<\/p>\n","protected":false},"author":4,"featured_media":45949,"comment_status":"open","ping_status":"closed","sticky":false,"template":"","format":"standard","meta":{"om_disable_all_campaigns":false,"_jetpack_memberships_contains_paid_content":false,"footnotes":""},"categories":[2,103],"tags":[],"class_list":["post-45968","post","type-post","status-publish","format-standard","has-post-thumbnail","hentry","category-locales","category-policiales-locales"],"aioseo_notices":[],"gutentor_comment":0,"jetpack_featured_media_url":"https:\/\/eldiariodesanpedro.com.ar\/sitio\/wp-content\/uploads\/2019\/01\/nuevos-patrulleros-policia-02_6.jpg","jetpack_shortlink":"https:\/\/wp.me\/p6RhLt-bXq","jetpack_sharing_enabled":true,"_links":{"self":[{"href":"https:\/\/eldiariodesanpedro.com.ar\/sitio\/wp-json\/wp\/v2\/posts\/45968","targetHints":{"allow":["GET"]}}],"collection":[{"href":"https:\/\/eldiariodesanpedro.com.ar\/sitio\/wp-json\/wp\/v2\/posts"}],"about":[{"href":"https:\/\/eldiariodesanpedro.com.ar\/sitio\/wp-json\/wp\/v2\/types\/post"}],"author":[{"embeddable":true,"href":"https:\/\/eldiariodesanpedro.com.ar\/sitio\/wp-json\/wp\/v2\/users\/4"}],"replies":[{"embeddable":true,"href":"https:\/\/eldiariodesanpedro.com.ar\/sitio\/wp-json\/wp\/v2\/comments?post=45968"}],"version-history":[{"count":1,"href":"https:\/\/eldiariodesanpedro.com.ar\/sitio\/wp-json\/wp\/v2\/posts\/45968\/revisions"}],"predecessor-version":[{"id":45976,"href":"https:\/\/eldiariodesanpedro.com.ar\/sitio\/wp-json\/wp\/v2\/posts\/45968\/revisions\/45976"}],"wp:featuredmedia":[{"embeddable":true,"href":"https:\/\/eldiariodesanpedro.com.ar\/sitio\/wp-json\/wp\/v2\/media\/45949"}],"wp:attachment":[{"href":"https:\/\/eldiariodesanpedro.com.ar\/sitio\/wp-json\/wp\/v2\/media?parent=45968"}],"wp:term":[{"taxonomy":"category","embeddable":true,"href":"https:\/\/eldiariodesanpedro.com.ar\/sitio\/wp-json\/wp\/v2\/categories?post=45968"},{"taxonomy":"post_tag","embeddable":true,"href":"https:\/\/eldiariodesanpedro.com.ar\/sitio\/wp-json\/wp\/v2\/tags?post=45968"}],"curies":[{"name":"wp","href":"https:\/\/api.w.org\/{rel}","templated":true}]}}