{"id":45965,"date":"2019-01-15T10:12:45","date_gmt":"2019-01-15T13:12:45","guid":{"rendered":"https:\/\/eldiariodesanpedro.com.ar\/sitio\/?p=45965"},"modified":"2019-01-15T10:12:55","modified_gmt":"2019-01-15T13:12:55","slug":"arrecifes-batalla-campal-en-ruta-51","status":"publish","type":"post","link":"https:\/\/eldiariodesanpedro.com.ar\/sitio\/arrecifes-batalla-campal-en-ruta-51\/","title":{"rendered":"ARRECIFES: Batalla campal en ruta 51"},"content":{"rendered":"<!-- VideographyWP Plugin Message: Automatic video embedding prevented by plugin options. -->\n\n<p>Una aut\u00e9ntica batalla campal se produjo en la tarde de este lunes en ruta 51 y calle Costa Rica, cuando ciclistas quisieron hacer justicia por un cami\u00f3n que casi los habr\u00eda atropellado.<\/p>\n\n\n\n<p>El hecho se inici\u00f3 en ruta 51 entre Carmen de Areco y Arrecifes. A la altura de Arroyo de Luna ven\u00eda circulando un grupo de ciclistas en direcci\u00f3n a nuestra ciudad cuando un cami\u00f3n carret\u00f3n, aparentemente, casi los atropella al superarlos. Detr\u00e1s ven\u00edan unas camionetas remolcando unos implementos agr\u00edcolas y una de ellas tambi\u00e9n se les habr\u00eda tirado encima a las bicicletas.<\/p>\n\n\n\n<p>Cuando los ciclistas llegaron a Arrecifes, encontraron al cami\u00f3n y las camionetas descargando las maquinarias a la vera de la ruta 51. Pararon a increpar a sus conductores y se desat\u00f3 una batahola.<\/p>\n\n\n\n<p>Una batalla campal se produjo entre los ciclistas por un lado y los conductores de los veh\u00edculos y los propietarios de las maquinarias y sus empleados, por el otro.<\/p>\n\n\n\n<p>Trompadas, patadas, revolcones, palos, alguna llave francesa y cuchillos\u2026 La pelea de grandes dimensiones debi\u00f3 ser dispersada por la polic\u00eda con disparos al aire, porque de otra forma no pod\u00eda separarlos.<\/p>\n\n\n\n<p>Fuente: <a href=\"https:\/\/arrecifesnoticias.com\">Arrecifes Noticias<\/a><\/p>\n","protected":false},"excerpt":{"rendered":"<p>Una aut\u00e9ntica batalla campal se produjo en la tarde de este lunes en ruta 51 y calle Costa Rica, cuando ciclistas quisieron hacer justicia por un cami\u00f3n que casi los habr\u00eda atropellado. El hecho se inici\u00f3 en ruta 51 entre Carmen de Areco y Arrecifes. A la altura de Arroyo de Luna ven\u00eda circulando un [&hellip;]<\/p>\n","protected":false},"author":4,"featured_media":45969,"comment_status":"open","ping_status":"closed","sticky":false,"template":"","format":"standard","meta":{"om_disable_all_campaigns":false,"_jetpack_memberships_contains_paid_content":false,"footnotes":""},"categories":[621],"tags":[],"class_list":["post-45965","post","type-post","status-publish","format-standard","has-post-thumbnail","hentry","category-regionales"],"aioseo_notices":[],"gutentor_comment":0,"jetpack_featured_media_url":"https:\/\/eldiariodesanpedro.com.ar\/sitio\/wp-content\/uploads\/2019\/01\/Batalla-campal-ciclistas.jpg","jetpack_shortlink":"https:\/\/wp.me\/p6RhLt-bXn","jetpack_sharing_enabled":true,"_links":{"self":[{"href":"https:\/\/eldiariodesanpedro.com.ar\/sitio\/wp-json\/wp\/v2\/posts\/45965","targetHints":{"allow":["GET"]}}],"collection":[{"href":"https:\/\/eldiariodesanpedro.com.ar\/sitio\/wp-json\/wp\/v2\/posts"}],"about":[{"href":"https:\/\/eldiariodesanpedro.com.ar\/sitio\/wp-json\/wp\/v2\/types\/post"}],"author":[{"embeddable":true,"href":"https:\/\/eldiariodesanpedro.com.ar\/sitio\/wp-json\/wp\/v2\/users\/4"}],"replies":[{"embeddable":true,"href":"https:\/\/eldiariodesanpedro.com.ar\/sitio\/wp-json\/wp\/v2\/comments?post=45965"}],"version-history":[{"count":1,"href":"https:\/\/eldiariodesanpedro.com.ar\/sitio\/wp-json\/wp\/v2\/posts\/45965\/revisions"}],"predecessor-version":[{"id":45970,"href":"https:\/\/eldiariodesanpedro.com.ar\/sitio\/wp-json\/wp\/v2\/posts\/45965\/revisions\/45970"}],"wp:featuredmedia":[{"embeddable":true,"href":"https:\/\/eldiariodesanpedro.com.ar\/sitio\/wp-json\/wp\/v2\/media\/45969"}],"wp:attachment":[{"href":"https:\/\/eldiariodesanpedro.com.ar\/sitio\/wp-json\/wp\/v2\/media?parent=45965"}],"wp:term":[{"taxonomy":"category","embeddable":true,"href":"https:\/\/eldiariodesanpedro.com.ar\/sitio\/wp-json\/wp\/v2\/categories?post=45965"},{"taxonomy":"post_tag","embeddable":true,"href":"https:\/\/eldiariodesanpedro.com.ar\/sitio\/wp-json\/wp\/v2\/tags?post=45965"}],"curies":[{"name":"wp","href":"https:\/\/api.w.org\/{rel}","templated":true}]}}