{"id":45964,"date":"2019-01-15T10:05:44","date_gmt":"2019-01-15T13:05:44","guid":{"rendered":"https:\/\/eldiariodesanpedro.com.ar\/sitio\/?p=45964"},"modified":"2019-01-15T10:05:50","modified_gmt":"2019-01-15T13:05:50","slug":"agredio-a-su-ex-pareja-y-fue-aprehendido","status":"publish","type":"post","link":"https:\/\/eldiariodesanpedro.com.ar\/sitio\/agredio-a-su-ex-pareja-y-fue-aprehendido\/","title":{"rendered":"Agredi\u00f3 a su ex pareja y fue aprehendido"},"content":{"rendered":"<!-- VideographyWP Plugin Message: Automatic video embedding prevented by plugin options. -->\n\n<p>Un joven de 25 a\u00f1os de edad, estaba manteniendo una fuerte discusi\u00f3n con su ex pareja de 33 en la v\u00eda publica. Tras ser alertado el personal policial, fue detenido.<\/p>\n\n\n\n<p>El hecho ocurri\u00f3 en calle Mart\u00edn Fierro y C. Obligado, cuando un joven tras mantener una fuerte discusi\u00f3n con su ex pareja, la agrede tirandole una botella de vidrio contra el piso.<\/p>\n\n\n\n<p>Como consecuencia uno de los fragmentos de la botella provocaron cortes superficiales en la victima. <\/p>\n\n\n\n<p>El agresor fue aprehendido y permanece alojado en la dependencia local a disposici\u00f3n de la UFI N\u00ba5.<\/p>\n\n\n\n<p><br><\/p>\n","protected":false},"excerpt":{"rendered":"<p>Un joven de 25 a\u00f1os de edad, estaba manteniendo una fuerte discusi\u00f3n con su ex pareja de 33 en la v\u00eda publica. Tras ser alertado el personal policial, fue detenido. El hecho ocurri\u00f3 en calle Mart\u00edn Fierro y C. Obligado, cuando un joven tras mantener una fuerte discusi\u00f3n con su ex pareja, la agrede tirandole [&hellip;]<\/p>\n","protected":false},"author":4,"featured_media":45949,"comment_status":"open","ping_status":"closed","sticky":false,"template":"","format":"standard","meta":{"om_disable_all_campaigns":false,"_jetpack_memberships_contains_paid_content":false,"footnotes":""},"categories":[2,103],"tags":[],"class_list":["post-45964","post","type-post","status-publish","format-standard","has-post-thumbnail","hentry","category-locales","category-policiales-locales"],"aioseo_notices":[],"gutentor_comment":7,"jetpack_featured_media_url":"https:\/\/eldiariodesanpedro.com.ar\/sitio\/wp-content\/uploads\/2019\/01\/nuevos-patrulleros-policia-02_6.jpg","jetpack_shortlink":"https:\/\/wp.me\/p6RhLt-bXm","jetpack_sharing_enabled":true,"_links":{"self":[{"href":"https:\/\/eldiariodesanpedro.com.ar\/sitio\/wp-json\/wp\/v2\/posts\/45964","targetHints":{"allow":["GET"]}}],"collection":[{"href":"https:\/\/eldiariodesanpedro.com.ar\/sitio\/wp-json\/wp\/v2\/posts"}],"about":[{"href":"https:\/\/eldiariodesanpedro.com.ar\/sitio\/wp-json\/wp\/v2\/types\/post"}],"author":[{"embeddable":true,"href":"https:\/\/eldiariodesanpedro.com.ar\/sitio\/wp-json\/wp\/v2\/users\/4"}],"replies":[{"embeddable":true,"href":"https:\/\/eldiariodesanpedro.com.ar\/sitio\/wp-json\/wp\/v2\/comments?post=45964"}],"version-history":[{"count":1,"href":"https:\/\/eldiariodesanpedro.com.ar\/sitio\/wp-json\/wp\/v2\/posts\/45964\/revisions"}],"predecessor-version":[{"id":45966,"href":"https:\/\/eldiariodesanpedro.com.ar\/sitio\/wp-json\/wp\/v2\/posts\/45964\/revisions\/45966"}],"wp:featuredmedia":[{"embeddable":true,"href":"https:\/\/eldiariodesanpedro.com.ar\/sitio\/wp-json\/wp\/v2\/media\/45949"}],"wp:attachment":[{"href":"https:\/\/eldiariodesanpedro.com.ar\/sitio\/wp-json\/wp\/v2\/media?parent=45964"}],"wp:term":[{"taxonomy":"category","embeddable":true,"href":"https:\/\/eldiariodesanpedro.com.ar\/sitio\/wp-json\/wp\/v2\/categories?post=45964"},{"taxonomy":"post_tag","embeddable":true,"href":"https:\/\/eldiariodesanpedro.com.ar\/sitio\/wp-json\/wp\/v2\/tags?post=45964"}],"curies":[{"name":"wp","href":"https:\/\/api.w.org\/{rel}","templated":true}]}}