{"id":45955,"date":"2019-01-15T09:46:33","date_gmt":"2019-01-15T12:46:33","guid":{"rendered":"https:\/\/eldiariodesanpedro.com.ar\/sitio\/?p=45955"},"modified":"2019-01-15T09:46:43","modified_gmt":"2019-01-15T12:46:43","slug":"danos-e-intento-de-robo-en-la-escuela-no47","status":"publish","type":"post","link":"https:\/\/eldiariodesanpedro.com.ar\/sitio\/danos-e-intento-de-robo-en-la-escuela-no47\/","title":{"rendered":"Da\u00f1os e intento de robo en la escuela N\u00ba47"},"content":{"rendered":"<!-- VideographyWP Plugin Message: Automatic video embedding prevented by plugin options. -->\n\n<p>Sucedi\u00f3 este lunes por la noche, delincuentes ignorados entraron y provocaron destrozos. La alarma son\u00f3 y emprendieron la fuga.<\/p>\n\n\n\n<p>Gustavo Liloff, presidente del Consejo Escolar, presente en el establecimiento esta ma\u00f1ana, dialogo con los medio y brindo detalles de lo sucedido:<\/p>\n\n\n\n<p>\u00abOtra vez la escuela tiene que sufrir este tipo de il\u00edcitos, por suerte cuenta con un sistema de alarma que apenas son\u00f3 estas personas se fueron, estos delincuentes y el personal de secretaria de seguridad y personal policial estaba aqu\u00ed r\u00e1pidamente\u00bb<\/p>\n\n\n\n<p>\u00abProvocaron destrozos en la puerta de entrada, violentaron la puerta del costado que es por donde ingresaron, forzaron un enrejado que tiene un calefactor,  el vidrio de la puerta de atr\u00e1s tambi\u00e9n lo rompieron parece de una patada, si lograron entrar hasta la cocina, que tampoco se llevaron ning\u00fan tipo de mercader\u00eda, tambi\u00e9n provocaron destrozos, estaba todo sucio, tiraron el tacho de basura y desparramaron bolsas con verduras\u00bb<\/p>\n\n\n\n<p>\u00abAqu\u00ed esta funcionando una de las escuelas de verano, alrededor de 60 chicos concurren al establecimiento, pero bueno tristes porque hay  gente que no ve a la escuela como parte de su comunidad\u00bb<\/p>\n\n\n\n<p>\u00abGracias al sistema de alarma se evito que las circunstancias fueran mayores, no llegaron a llevarse ning\u00fan material, los da\u00f1os ya se van a reparar, se van a invertir en reparar y reconstruir lo que se da\u00f1o, ya se hizo presente el arquitecto\u00bb.<\/p>\n\n\n\n<p>Por ultimo nos cont\u00f3 que es el primer a\u00f1o donde se duplica la cantidad de matriculas en el distrito para las escuelas de verano, de 500 estudiantes hoy se suman 500 mas, \u00abcumplimos con el objetivo\u00bb, finalizo Liloff.<\/p>\n\n\n\n<p><\/p>\n\n\n\n<ul class=\"wp-block-gallery columns-3 is-cropped wp-block-gallery-1 is-layout-flex wp-block-gallery-is-layout-flex\"><li class=\"blocks-gallery-item\"><figure><img decoding=\"async\" width=\"1024\" height=\"576\" data-attachment-id=\"45962\" data-permalink=\"https:\/\/eldiariodesanpedro.com.ar\/sitio\/danos-e-intento-de-robo-en-la-escuela-no47\/whatsapp-image-2019-01-15-at-09-03-32\/\" data-orig-file=\"https:\/\/eldiariodesanpedro.com.ar\/sitio\/wp-content\/uploads\/2019\/01\/WhatsApp-Image-2019-01-15-at-09.03.32.jpeg\" data-orig-size=\"1040,585\" data-comments-opened=\"1\" data-image-meta=\"{&quot;aperture&quot;:&quot;0&quot;,&quot;credit&quot;:&quot;&quot;,&quot;camera&quot;:&quot;&quot;,&quot;caption&quot;:&quot;&quot;,&quot;created_timestamp&quot;:&quot;0&quot;,&quot;copyright&quot;:&quot;&quot;,&quot;focal_length&quot;:&quot;0&quot;,&quot;iso&quot;:&quot;0&quot;,&quot;shutter_speed&quot;:&quot;0&quot;,&quot;title&quot;:&quot;&quot;,&quot;orientation&quot;:&quot;0&quot;}\" data-image-title=\"WhatsApp Image 2019-01-15 at 09.03.32\" data-image-description=\"\" data-image-caption=\"\" data-large-file=\"https:\/\/eldiariodesanpedro.com.ar\/sitio\/wp-content\/uploads\/2019\/01\/WhatsApp-Image-2019-01-15-at-09.03.32-1024x576.jpeg\" data-src=\"https:\/\/eldiariodesanpedro.com.ar\/sitio\/wp-content\/uploads\/2019\/01\/WhatsApp-Image-2019-01-15-at-09.03.32-1024x576.jpeg\" alt=\"\" data-id=\"45962\" data-link=\"https:\/\/eldiariodesanpedro.com.ar\/sitio\/?attachment_id=45962\" class=\"wp-image-45962 lazyload\" data-srcset=\"https:\/\/eldiariodesanpedro.com.ar\/sitio\/wp-content\/uploads\/2019\/01\/WhatsApp-Image-2019-01-15-at-09.03.32-1024x576.jpeg 1024w, https:\/\/eldiariodesanpedro.com.ar\/sitio\/wp-content\/uploads\/2019\/01\/WhatsApp-Image-2019-01-15-at-09.03.32-300x169.jpeg 300w, https:\/\/eldiariodesanpedro.com.ar\/sitio\/wp-content\/uploads\/2019\/01\/WhatsApp-Image-2019-01-15-at-09.03.32-768x432.jpeg 768w, https:\/\/eldiariodesanpedro.com.ar\/sitio\/wp-content\/uploads\/2019\/01\/WhatsApp-Image-2019-01-15-at-09.03.32.jpeg 1040w\" data-sizes=\"(max-width: 1024px) 100vw, 1024px\" src=\"data:image\/svg+xml;base64,PHN2ZyB3aWR0aD0iMSIgaGVpZ2h0PSIxIiB4bWxucz0iaHR0cDovL3d3dy53My5vcmcvMjAwMC9zdmciPjwvc3ZnPg==\" style=\"--smush-placeholder-width: 1024px; --smush-placeholder-aspect-ratio: 1024\/576;\" \/><\/figure><\/li><li class=\"blocks-gallery-item\"><figure><img decoding=\"async\" width=\"576\" height=\"1024\" data-attachment-id=\"45956\" data-permalink=\"https:\/\/eldiariodesanpedro.com.ar\/sitio\/danos-e-intento-de-robo-en-la-escuela-no47\/whatsapp-image-2019-01-15-at-08-41-11\/\" data-orig-file=\"https:\/\/eldiariodesanpedro.com.ar\/sitio\/wp-content\/uploads\/2019\/01\/WhatsApp-Image-2019-01-15-at-08.41.11.jpeg\" data-orig-size=\"585,1040\" data-comments-opened=\"1\" data-image-meta=\"{&quot;aperture&quot;:&quot;0&quot;,&quot;credit&quot;:&quot;&quot;,&quot;camera&quot;:&quot;&quot;,&quot;caption&quot;:&quot;&quot;,&quot;created_timestamp&quot;:&quot;0&quot;,&quot;copyright&quot;:&quot;&quot;,&quot;focal_length&quot;:&quot;0&quot;,&quot;iso&quot;:&quot;0&quot;,&quot;shutter_speed&quot;:&quot;0&quot;,&quot;title&quot;:&quot;&quot;,&quot;orientation&quot;:&quot;0&quot;}\" data-image-title=\"WhatsApp Image 2019-01-15 at 08.41.11\" data-image-description=\"\" data-image-caption=\"\" data-large-file=\"https:\/\/eldiariodesanpedro.com.ar\/sitio\/wp-content\/uploads\/2019\/01\/WhatsApp-Image-2019-01-15-at-08.41.11-576x1024.jpeg\" data-src=\"https:\/\/eldiariodesanpedro.com.ar\/sitio\/wp-content\/uploads\/2019\/01\/WhatsApp-Image-2019-01-15-at-08.41.11-576x1024.jpeg\" alt=\"\" data-id=\"45956\" data-link=\"https:\/\/eldiariodesanpedro.com.ar\/sitio\/?attachment_id=45956\" class=\"wp-image-45956 lazyload\" data-srcset=\"https:\/\/eldiariodesanpedro.com.ar\/sitio\/wp-content\/uploads\/2019\/01\/WhatsApp-Image-2019-01-15-at-08.41.11-576x1024.jpeg 576w, https:\/\/eldiariodesanpedro.com.ar\/sitio\/wp-content\/uploads\/2019\/01\/WhatsApp-Image-2019-01-15-at-08.41.11-169x300.jpeg 169w, https:\/\/eldiariodesanpedro.com.ar\/sitio\/wp-content\/uploads\/2019\/01\/WhatsApp-Image-2019-01-15-at-08.41.11.jpeg 585w\" data-sizes=\"(max-width: 576px) 100vw, 576px\" src=\"data:image\/svg+xml;base64,PHN2ZyB3aWR0aD0iMSIgaGVpZ2h0PSIxIiB4bWxucz0iaHR0cDovL3d3dy53My5vcmcvMjAwMC9zdmciPjwvc3ZnPg==\" style=\"--smush-placeholder-width: 576px; --smush-placeholder-aspect-ratio: 576\/1024;\" \/><\/figure><\/li><li class=\"blocks-gallery-item\"><figure><img decoding=\"async\" width=\"1024\" height=\"576\" data-attachment-id=\"45957\" data-permalink=\"https:\/\/eldiariodesanpedro.com.ar\/sitio\/danos-e-intento-de-robo-en-la-escuela-no47\/whatsapp-image-2019-01-15-at-08-41-41\/\" data-orig-file=\"https:\/\/eldiariodesanpedro.com.ar\/sitio\/wp-content\/uploads\/2019\/01\/WhatsApp-Image-2019-01-15-at-08.41.41.jpeg\" data-orig-size=\"1040,585\" data-comments-opened=\"1\" data-image-meta=\"{&quot;aperture&quot;:&quot;0&quot;,&quot;credit&quot;:&quot;&quot;,&quot;camera&quot;:&quot;&quot;,&quot;caption&quot;:&quot;&quot;,&quot;created_timestamp&quot;:&quot;0&quot;,&quot;copyright&quot;:&quot;&quot;,&quot;focal_length&quot;:&quot;0&quot;,&quot;iso&quot;:&quot;0&quot;,&quot;shutter_speed&quot;:&quot;0&quot;,&quot;title&quot;:&quot;&quot;,&quot;orientation&quot;:&quot;0&quot;}\" data-image-title=\"WhatsApp Image 2019-01-15 at 08.41.41\" data-image-description=\"\" data-image-caption=\"\" data-large-file=\"https:\/\/eldiariodesanpedro.com.ar\/sitio\/wp-content\/uploads\/2019\/01\/WhatsApp-Image-2019-01-15-at-08.41.41-1024x576.jpeg\" data-src=\"https:\/\/eldiariodesanpedro.com.ar\/sitio\/wp-content\/uploads\/2019\/01\/WhatsApp-Image-2019-01-15-at-08.41.41-1024x576.jpeg\" alt=\"\" data-id=\"45957\" data-link=\"https:\/\/eldiariodesanpedro.com.ar\/sitio\/?attachment_id=45957\" class=\"wp-image-45957 lazyload\" data-srcset=\"https:\/\/eldiariodesanpedro.com.ar\/sitio\/wp-content\/uploads\/2019\/01\/WhatsApp-Image-2019-01-15-at-08.41.41-1024x576.jpeg 1024w, https:\/\/eldiariodesanpedro.com.ar\/sitio\/wp-content\/uploads\/2019\/01\/WhatsApp-Image-2019-01-15-at-08.41.41-300x169.jpeg 300w, https:\/\/eldiariodesanpedro.com.ar\/sitio\/wp-content\/uploads\/2019\/01\/WhatsApp-Image-2019-01-15-at-08.41.41-768x432.jpeg 768w, https:\/\/eldiariodesanpedro.com.ar\/sitio\/wp-content\/uploads\/2019\/01\/WhatsApp-Image-2019-01-15-at-08.41.41.jpeg 1040w\" data-sizes=\"(max-width: 1024px) 100vw, 1024px\" src=\"data:image\/svg+xml;base64,PHN2ZyB3aWR0aD0iMSIgaGVpZ2h0PSIxIiB4bWxucz0iaHR0cDovL3d3dy53My5vcmcvMjAwMC9zdmciPjwvc3ZnPg==\" style=\"--smush-placeholder-width: 1024px; --smush-placeholder-aspect-ratio: 1024\/576;\" \/><\/figure><\/li><li class=\"blocks-gallery-item\"><figure><img decoding=\"async\" width=\"576\" height=\"1024\" data-attachment-id=\"45958\" data-permalink=\"https:\/\/eldiariodesanpedro.com.ar\/sitio\/danos-e-intento-de-robo-en-la-escuela-no47\/whatsapp-image-2019-01-15-at-08-41-57\/\" data-orig-file=\"https:\/\/eldiariodesanpedro.com.ar\/sitio\/wp-content\/uploads\/2019\/01\/WhatsApp-Image-2019-01-15-at-08.41.57.jpeg\" data-orig-size=\"585,1040\" data-comments-opened=\"1\" data-image-meta=\"{&quot;aperture&quot;:&quot;0&quot;,&quot;credit&quot;:&quot;&quot;,&quot;camera&quot;:&quot;&quot;,&quot;caption&quot;:&quot;&quot;,&quot;created_timestamp&quot;:&quot;0&quot;,&quot;copyright&quot;:&quot;&quot;,&quot;focal_length&quot;:&quot;0&quot;,&quot;iso&quot;:&quot;0&quot;,&quot;shutter_speed&quot;:&quot;0&quot;,&quot;title&quot;:&quot;&quot;,&quot;orientation&quot;:&quot;0&quot;}\" data-image-title=\"WhatsApp Image 2019-01-15 at 08.41.57\" data-image-description=\"\" data-image-caption=\"\" data-large-file=\"https:\/\/eldiariodesanpedro.com.ar\/sitio\/wp-content\/uploads\/2019\/01\/WhatsApp-Image-2019-01-15-at-08.41.57-576x1024.jpeg\" data-src=\"https:\/\/eldiariodesanpedro.com.ar\/sitio\/wp-content\/uploads\/2019\/01\/WhatsApp-Image-2019-01-15-at-08.41.57-576x1024.jpeg\" alt=\"\" data-id=\"45958\" data-link=\"https:\/\/eldiariodesanpedro.com.ar\/sitio\/?attachment_id=45958\" class=\"wp-image-45958 lazyload\" data-srcset=\"https:\/\/eldiariodesanpedro.com.ar\/sitio\/wp-content\/uploads\/2019\/01\/WhatsApp-Image-2019-01-15-at-08.41.57-576x1024.jpeg 576w, https:\/\/eldiariodesanpedro.com.ar\/sitio\/wp-content\/uploads\/2019\/01\/WhatsApp-Image-2019-01-15-at-08.41.57-169x300.jpeg 169w, https:\/\/eldiariodesanpedro.com.ar\/sitio\/wp-content\/uploads\/2019\/01\/WhatsApp-Image-2019-01-15-at-08.41.57.jpeg 585w\" data-sizes=\"(max-width: 576px) 100vw, 576px\" src=\"data:image\/svg+xml;base64,PHN2ZyB3aWR0aD0iMSIgaGVpZ2h0PSIxIiB4bWxucz0iaHR0cDovL3d3dy53My5vcmcvMjAwMC9zdmciPjwvc3ZnPg==\" style=\"--smush-placeholder-width: 576px; --smush-placeholder-aspect-ratio: 576\/1024;\" \/><\/figure><\/li><li class=\"blocks-gallery-item\"><figure><img decoding=\"async\" width=\"576\" height=\"1024\" data-attachment-id=\"45959\" data-permalink=\"https:\/\/eldiariodesanpedro.com.ar\/sitio\/danos-e-intento-de-robo-en-la-escuela-no47\/whatsapp-image-2019-01-15-at-08-42-22\/\" data-orig-file=\"https:\/\/eldiariodesanpedro.com.ar\/sitio\/wp-content\/uploads\/2019\/01\/WhatsApp-Image-2019-01-15-at-08.42.22.jpeg\" data-orig-size=\"585,1040\" data-comments-opened=\"1\" data-image-meta=\"{&quot;aperture&quot;:&quot;0&quot;,&quot;credit&quot;:&quot;&quot;,&quot;camera&quot;:&quot;&quot;,&quot;caption&quot;:&quot;&quot;,&quot;created_timestamp&quot;:&quot;0&quot;,&quot;copyright&quot;:&quot;&quot;,&quot;focal_length&quot;:&quot;0&quot;,&quot;iso&quot;:&quot;0&quot;,&quot;shutter_speed&quot;:&quot;0&quot;,&quot;title&quot;:&quot;&quot;,&quot;orientation&quot;:&quot;0&quot;}\" data-image-title=\"WhatsApp Image 2019-01-15 at 08.42.22\" data-image-description=\"\" data-image-caption=\"\" data-large-file=\"https:\/\/eldiariodesanpedro.com.ar\/sitio\/wp-content\/uploads\/2019\/01\/WhatsApp-Image-2019-01-15-at-08.42.22-576x1024.jpeg\" data-src=\"https:\/\/eldiariodesanpedro.com.ar\/sitio\/wp-content\/uploads\/2019\/01\/WhatsApp-Image-2019-01-15-at-08.42.22-576x1024.jpeg\" alt=\"\" data-id=\"45959\" data-link=\"https:\/\/eldiariodesanpedro.com.ar\/sitio\/?attachment_id=45959\" class=\"wp-image-45959 lazyload\" data-srcset=\"https:\/\/eldiariodesanpedro.com.ar\/sitio\/wp-content\/uploads\/2019\/01\/WhatsApp-Image-2019-01-15-at-08.42.22-576x1024.jpeg 576w, https:\/\/eldiariodesanpedro.com.ar\/sitio\/wp-content\/uploads\/2019\/01\/WhatsApp-Image-2019-01-15-at-08.42.22-169x300.jpeg 169w, https:\/\/eldiariodesanpedro.com.ar\/sitio\/wp-content\/uploads\/2019\/01\/WhatsApp-Image-2019-01-15-at-08.42.22.jpeg 585w\" data-sizes=\"(max-width: 576px) 100vw, 576px\" src=\"data:image\/svg+xml;base64,PHN2ZyB3aWR0aD0iMSIgaGVpZ2h0PSIxIiB4bWxucz0iaHR0cDovL3d3dy53My5vcmcvMjAwMC9zdmciPjwvc3ZnPg==\" style=\"--smush-placeholder-width: 576px; --smush-placeholder-aspect-ratio: 576\/1024;\" \/><\/figure><\/li><li class=\"blocks-gallery-item\"><figure><img decoding=\"async\" width=\"576\" height=\"1024\" data-attachment-id=\"45960\" data-permalink=\"https:\/\/eldiariodesanpedro.com.ar\/sitio\/danos-e-intento-de-robo-en-la-escuela-no47\/whatsapp-image-2019-01-15-at-08-42-43\/\" data-orig-file=\"https:\/\/eldiariodesanpedro.com.ar\/sitio\/wp-content\/uploads\/2019\/01\/WhatsApp-Image-2019-01-15-at-08.42.43.jpeg\" data-orig-size=\"585,1040\" data-comments-opened=\"1\" data-image-meta=\"{&quot;aperture&quot;:&quot;0&quot;,&quot;credit&quot;:&quot;&quot;,&quot;camera&quot;:&quot;&quot;,&quot;caption&quot;:&quot;&quot;,&quot;created_timestamp&quot;:&quot;0&quot;,&quot;copyright&quot;:&quot;&quot;,&quot;focal_length&quot;:&quot;0&quot;,&quot;iso&quot;:&quot;0&quot;,&quot;shutter_speed&quot;:&quot;0&quot;,&quot;title&quot;:&quot;&quot;,&quot;orientation&quot;:&quot;0&quot;}\" data-image-title=\"WhatsApp Image 2019-01-15 at 08.42.43\" data-image-description=\"\" data-image-caption=\"\" data-large-file=\"https:\/\/eldiariodesanpedro.com.ar\/sitio\/wp-content\/uploads\/2019\/01\/WhatsApp-Image-2019-01-15-at-08.42.43-576x1024.jpeg\" data-src=\"https:\/\/eldiariodesanpedro.com.ar\/sitio\/wp-content\/uploads\/2019\/01\/WhatsApp-Image-2019-01-15-at-08.42.43-576x1024.jpeg\" alt=\"\" data-id=\"45960\" data-link=\"https:\/\/eldiariodesanpedro.com.ar\/sitio\/?attachment_id=45960\" class=\"wp-image-45960 lazyload\" data-srcset=\"https:\/\/eldiariodesanpedro.com.ar\/sitio\/wp-content\/uploads\/2019\/01\/WhatsApp-Image-2019-01-15-at-08.42.43-576x1024.jpeg 576w, https:\/\/eldiariodesanpedro.com.ar\/sitio\/wp-content\/uploads\/2019\/01\/WhatsApp-Image-2019-01-15-at-08.42.43-169x300.jpeg 169w, https:\/\/eldiariodesanpedro.com.ar\/sitio\/wp-content\/uploads\/2019\/01\/WhatsApp-Image-2019-01-15-at-08.42.43.jpeg 585w\" data-sizes=\"(max-width: 576px) 100vw, 576px\" src=\"data:image\/svg+xml;base64,PHN2ZyB3aWR0aD0iMSIgaGVpZ2h0PSIxIiB4bWxucz0iaHR0cDovL3d3dy53My5vcmcvMjAwMC9zdmciPjwvc3ZnPg==\" style=\"--smush-placeholder-width: 576px; --smush-placeholder-aspect-ratio: 576\/1024;\" \/><\/figure><\/li><li class=\"blocks-gallery-item\"><figure><img decoding=\"async\" width=\"1024\" height=\"576\" data-attachment-id=\"45961\" data-permalink=\"https:\/\/eldiariodesanpedro.com.ar\/sitio\/danos-e-intento-de-robo-en-la-escuela-no47\/whatsapp-image-2019-01-15-at-08-43-25\/\" data-orig-file=\"https:\/\/eldiariodesanpedro.com.ar\/sitio\/wp-content\/uploads\/2019\/01\/WhatsApp-Image-2019-01-15-at-08.43.25.jpeg\" data-orig-size=\"1040,585\" data-comments-opened=\"1\" data-image-meta=\"{&quot;aperture&quot;:&quot;0&quot;,&quot;credit&quot;:&quot;&quot;,&quot;camera&quot;:&quot;&quot;,&quot;caption&quot;:&quot;&quot;,&quot;created_timestamp&quot;:&quot;0&quot;,&quot;copyright&quot;:&quot;&quot;,&quot;focal_length&quot;:&quot;0&quot;,&quot;iso&quot;:&quot;0&quot;,&quot;shutter_speed&quot;:&quot;0&quot;,&quot;title&quot;:&quot;&quot;,&quot;orientation&quot;:&quot;0&quot;}\" data-image-title=\"WhatsApp Image 2019-01-15 at 08.43.25\" data-image-description=\"\" data-image-caption=\"\" data-large-file=\"https:\/\/eldiariodesanpedro.com.ar\/sitio\/wp-content\/uploads\/2019\/01\/WhatsApp-Image-2019-01-15-at-08.43.25-1024x576.jpeg\" data-src=\"https:\/\/eldiariodesanpedro.com.ar\/sitio\/wp-content\/uploads\/2019\/01\/WhatsApp-Image-2019-01-15-at-08.43.25-1024x576.jpeg\" alt=\"\" data-id=\"45961\" data-link=\"https:\/\/eldiariodesanpedro.com.ar\/sitio\/?attachment_id=45961\" class=\"wp-image-45961 lazyload\" data-srcset=\"https:\/\/eldiariodesanpedro.com.ar\/sitio\/wp-content\/uploads\/2019\/01\/WhatsApp-Image-2019-01-15-at-08.43.25-1024x576.jpeg 1024w, https:\/\/eldiariodesanpedro.com.ar\/sitio\/wp-content\/uploads\/2019\/01\/WhatsApp-Image-2019-01-15-at-08.43.25-300x169.jpeg 300w, https:\/\/eldiariodesanpedro.com.ar\/sitio\/wp-content\/uploads\/2019\/01\/WhatsApp-Image-2019-01-15-at-08.43.25-768x432.jpeg 768w, https:\/\/eldiariodesanpedro.com.ar\/sitio\/wp-content\/uploads\/2019\/01\/WhatsApp-Image-2019-01-15-at-08.43.25.jpeg 1040w\" data-sizes=\"(max-width: 1024px) 100vw, 1024px\" src=\"data:image\/svg+xml;base64,PHN2ZyB3aWR0aD0iMSIgaGVpZ2h0PSIxIiB4bWxucz0iaHR0cDovL3d3dy53My5vcmcvMjAwMC9zdmciPjwvc3ZnPg==\" style=\"--smush-placeholder-width: 1024px; --smush-placeholder-aspect-ratio: 1024\/576;\" \/><\/figure><\/li><\/ul>\n\n\n\n<p><\/p>\n\n\n\n<p><\/p>\n","protected":false},"excerpt":{"rendered":"<p>Sucedi\u00f3 este lunes por la noche, delincuentes ignorados entraron y provocaron destrozos. La alarma son\u00f3 y emprendieron la fuga. Gustavo Liloff, presidente del Consejo Escolar, presente en el establecimiento esta ma\u00f1ana, dialogo con los medio y brindo detalles de lo sucedido: \u00abOtra vez la escuela tiene que sufrir este tipo de il\u00edcitos, por suerte cuenta [&hellip;]<\/p>\n","protected":false},"author":4,"featured_media":45962,"comment_status":"open","ping_status":"closed","sticky":false,"template":"","format":"standard","meta":{"om_disable_all_campaigns":false,"_jetpack_memberships_contains_paid_content":false,"footnotes":""},"categories":[50,2,103],"tags":[],"class_list":["post-45955","post","type-post","status-publish","format-standard","has-post-thumbnail","hentry","category-destacadas","category-locales","category-policiales-locales"],"aioseo_notices":[],"gutentor_comment":0,"jetpack_featured_media_url":"https:\/\/eldiariodesanpedro.com.ar\/sitio\/wp-content\/uploads\/2019\/01\/WhatsApp-Image-2019-01-15-at-09.03.32.jpeg","jetpack_shortlink":"https:\/\/wp.me\/p6RhLt-bXd","jetpack_sharing_enabled":true,"_links":{"self":[{"href":"https:\/\/eldiariodesanpedro.com.ar\/sitio\/wp-json\/wp\/v2\/posts\/45955","targetHints":{"allow":["GET"]}}],"collection":[{"href":"https:\/\/eldiariodesanpedro.com.ar\/sitio\/wp-json\/wp\/v2\/posts"}],"about":[{"href":"https:\/\/eldiariodesanpedro.com.ar\/sitio\/wp-json\/wp\/v2\/types\/post"}],"author":[{"embeddable":true,"href":"https:\/\/eldiariodesanpedro.com.ar\/sitio\/wp-json\/wp\/v2\/users\/4"}],"replies":[{"embeddable":true,"href":"https:\/\/eldiariodesanpedro.com.ar\/sitio\/wp-json\/wp\/v2\/comments?post=45955"}],"version-history":[{"count":1,"href":"https:\/\/eldiariodesanpedro.com.ar\/sitio\/wp-json\/wp\/v2\/posts\/45955\/revisions"}],"predecessor-version":[{"id":45963,"href":"https:\/\/eldiariodesanpedro.com.ar\/sitio\/wp-json\/wp\/v2\/posts\/45955\/revisions\/45963"}],"wp:featuredmedia":[{"embeddable":true,"href":"https:\/\/eldiariodesanpedro.com.ar\/sitio\/wp-json\/wp\/v2\/media\/45962"}],"wp:attachment":[{"href":"https:\/\/eldiariodesanpedro.com.ar\/sitio\/wp-json\/wp\/v2\/media?parent=45955"}],"wp:term":[{"taxonomy":"category","embeddable":true,"href":"https:\/\/eldiariodesanpedro.com.ar\/sitio\/wp-json\/wp\/v2\/categories?post=45955"},{"taxonomy":"post_tag","embeddable":true,"href":"https:\/\/eldiariodesanpedro.com.ar\/sitio\/wp-json\/wp\/v2\/tags?post=45955"}],"curies":[{"name":"wp","href":"https:\/\/api.w.org\/{rel}","templated":true}]}}