{"id":45952,"date":"2019-01-14T20:22:20","date_gmt":"2019-01-14T23:22:20","guid":{"rendered":"https:\/\/eldiariodesanpedro.com.ar\/sitio\/?p=45952"},"modified":"2019-01-14T20:22:29","modified_gmt":"2019-01-14T23:22:29","slug":"san-nicolas-dos-choques-en-el-mismo-kilometro-en-ruta-9-a-la-altura","status":"publish","type":"post","link":"https:\/\/eldiariodesanpedro.com.ar\/sitio\/san-nicolas-dos-choques-en-el-mismo-kilometro-en-ruta-9-a-la-altura\/","title":{"rendered":"SAN NICOL\u00c1S: Dos choques en el mismo kil\u00f3metro en Ruta 9 a la altura"},"content":{"rendered":"<!-- VideographyWP Plugin Message: Automatic video embedding prevented by plugin options. -->\n\n<p>\n\nEn la ma\u00f1ana de este lunes, se produjeron dos accidentes vehiculares en autopista Rosario &#8211; Buenos Aires. Alrededor de las 8 hs de este lunes, se produjo una fuerte colisi\u00f3n entre dos camiones en la Ruta 9 Km 234.<\/p>\n\n\n\n<p>Se trata de camion WV modelo 1780 dominio AB107AB conducido por Juan Javier Calvo de 53 a\u00f1os y otro cami\u00f3n Fiat Iveco dominio JTL 474 conducido Marcelo Fuentes de 41.<br><br>Fuentes hab\u00eda quedado atrapado en la cabina del veh\u00edculo, tras intensas tareas por parte de dos dotaciones de bomberos, fue rescatado y trasladado al hospital San Felipe.<br><br>El tr\u00e1nsito vehicular en el carril Rosario &#8211; Buenos Aires se encuentra obstruido hasta tanto finalicen las tareas. Interviene Polic\u00eda Cient\u00edfica y la UFI N\u00ba10.<br><br>Otro choque ocurri\u00f3 alrededor de las 6 de la ma\u00f1ana de este lunes tambi\u00e9n en el kil\u00f3metro 233 de la autopista Rosario &#8211; Buenos Aires. Fue entre un cami\u00f3n Scania al mando de Oscar Alberto Omainty de 60 a\u00f1os y un autom\u00f3vil Renault Sandero conducido por Adri\u00e1n Cuesta de 50 a\u00f1os quien circulaba acompa\u00f1ado por su mujer y su hijo.&nbsp;<br><br>El conductor del auto result\u00f3 lesionado, mientras que los restantes ocupantes salieron ilesos. Durante unas horas la circulaci\u00f3n se vio reducida en la Ruta 9 aunque el carril r\u00e1pido estuvo habilitado. Trabaj\u00f3 en el lugar personal de polic\u00eda cient\u00edfica e intervino la UFI N\u00ba 2.&nbsp;<\/p>\n","protected":false},"excerpt":{"rendered":"<p>En la ma\u00f1ana de este lunes, se produjeron dos accidentes vehiculares en autopista Rosario &#8211; Buenos Aires. Alrededor de las 8 hs de este lunes, se produjo una fuerte colisi\u00f3n entre dos camiones en la Ruta 9 Km 234. Se trata de camion WV modelo 1780 dominio AB107AB conducido por Juan Javier Calvo de 53 [&hellip;]<\/p>\n","protected":false},"author":4,"featured_media":45953,"comment_status":"open","ping_status":"closed","sticky":false,"template":"","format":"standard","meta":{"om_disable_all_campaigns":false,"_jetpack_memberships_contains_paid_content":false,"footnotes":""},"categories":[621],"tags":[],"class_list":["post-45952","post","type-post","status-publish","format-standard","has-post-thumbnail","hentry","category-regionales"],"aioseo_notices":[],"gutentor_comment":0,"jetpack_featured_media_url":"https:\/\/eldiariodesanpedro.com.ar\/sitio\/wp-content\/uploads\/2019\/01\/no_9bej3afa1119qqtimg_20190114_wa0004.jpg","jetpack_shortlink":"https:\/\/wp.me\/p6RhLt-bXa","jetpack_sharing_enabled":true,"_links":{"self":[{"href":"https:\/\/eldiariodesanpedro.com.ar\/sitio\/wp-json\/wp\/v2\/posts\/45952","targetHints":{"allow":["GET"]}}],"collection":[{"href":"https:\/\/eldiariodesanpedro.com.ar\/sitio\/wp-json\/wp\/v2\/posts"}],"about":[{"href":"https:\/\/eldiariodesanpedro.com.ar\/sitio\/wp-json\/wp\/v2\/types\/post"}],"author":[{"embeddable":true,"href":"https:\/\/eldiariodesanpedro.com.ar\/sitio\/wp-json\/wp\/v2\/users\/4"}],"replies":[{"embeddable":true,"href":"https:\/\/eldiariodesanpedro.com.ar\/sitio\/wp-json\/wp\/v2\/comments?post=45952"}],"version-history":[{"count":1,"href":"https:\/\/eldiariodesanpedro.com.ar\/sitio\/wp-json\/wp\/v2\/posts\/45952\/revisions"}],"predecessor-version":[{"id":45954,"href":"https:\/\/eldiariodesanpedro.com.ar\/sitio\/wp-json\/wp\/v2\/posts\/45952\/revisions\/45954"}],"wp:featuredmedia":[{"embeddable":true,"href":"https:\/\/eldiariodesanpedro.com.ar\/sitio\/wp-json\/wp\/v2\/media\/45953"}],"wp:attachment":[{"href":"https:\/\/eldiariodesanpedro.com.ar\/sitio\/wp-json\/wp\/v2\/media?parent=45952"}],"wp:term":[{"taxonomy":"category","embeddable":true,"href":"https:\/\/eldiariodesanpedro.com.ar\/sitio\/wp-json\/wp\/v2\/categories?post=45952"},{"taxonomy":"post_tag","embeddable":true,"href":"https:\/\/eldiariodesanpedro.com.ar\/sitio\/wp-json\/wp\/v2\/tags?post=45952"}],"curies":[{"name":"wp","href":"https:\/\/api.w.org\/{rel}","templated":true}]}}