{"id":45946,"date":"2019-01-14T18:58:16","date_gmt":"2019-01-14T21:58:16","guid":{"rendered":"https:\/\/eldiariodesanpedro.com.ar\/sitio\/?p=45946"},"modified":"2019-01-14T18:58:23","modified_gmt":"2019-01-14T21:58:23","slug":"vecinos-redujeron-a-un-malviviente-que-momento-antes-robo-un-celular","status":"publish","type":"post","link":"https:\/\/eldiariodesanpedro.com.ar\/sitio\/vecinos-redujeron-a-un-malviviente-que-momento-antes-robo-un-celular\/","title":{"rendered":"Vecinos redujeron a un malviviente que momento antes rob\u00f3 un celular"},"content":{"rendered":"<!-- VideographyWP Plugin Message: Automatic video embedding prevented by plugin options. -->\n\n<p>Es domingo un delincuente que asalt\u00f3 a una mujer y le rob\u00f3 un celular fue detenido por vecinos y entregado a la polic\u00eda. <br><\/p>\n\n\n\n<p>El hecho tuvo lugar este domingo por la tarde, cuando el delincuente rob\u00f3 el tel\u00e9fono de la v\u00edctima una joven mujer en G\u00fcemes y Belgrano, en plena zona c\u00e9ntrica. <br><\/p>\n\n\n\n<p>Transe\u00fantes y vecinos, advertidos de la situaci\u00f3n, persiguieron y redujeron al asaltante, hasta la llegada de personal policial. <br><\/p>\n\n\n\n<p>Imputado de \u00abTentativa de robo\u00bb permanec\u00eda alojado en la Comisar\u00eda local a la espera de las resoluciones judiciales. <\/p>\n","protected":false},"excerpt":{"rendered":"<p>Es domingo un delincuente que asalt\u00f3 a una mujer y le rob\u00f3 un celular fue detenido por vecinos y entregado a la polic\u00eda. El hecho tuvo lugar este domingo por la tarde, cuando el delincuente rob\u00f3 el tel\u00e9fono de la v\u00edctima una joven mujer en G\u00fcemes y Belgrano, en plena zona c\u00e9ntrica. Transe\u00fantes y vecinos, [&hellip;]<\/p>\n","protected":false},"author":4,"featured_media":16991,"comment_status":"open","ping_status":"closed","sticky":false,"template":"","format":"standard","meta":{"om_disable_all_campaigns":false,"_jetpack_memberships_contains_paid_content":false,"footnotes":""},"categories":[2,103],"tags":[],"class_list":["post-45946","post","type-post","status-publish","format-standard","has-post-thumbnail","hentry","category-locales","category-policiales-locales"],"aioseo_notices":[],"gutentor_comment":0,"jetpack_featured_media_url":"https:\/\/eldiariodesanpedro.com.ar\/sitio\/wp-content\/uploads\/2017\/04\/DSC_0223.jpg","jetpack_shortlink":"https:\/\/wp.me\/p6RhLt-bX4","jetpack_sharing_enabled":true,"_links":{"self":[{"href":"https:\/\/eldiariodesanpedro.com.ar\/sitio\/wp-json\/wp\/v2\/posts\/45946","targetHints":{"allow":["GET"]}}],"collection":[{"href":"https:\/\/eldiariodesanpedro.com.ar\/sitio\/wp-json\/wp\/v2\/posts"}],"about":[{"href":"https:\/\/eldiariodesanpedro.com.ar\/sitio\/wp-json\/wp\/v2\/types\/post"}],"author":[{"embeddable":true,"href":"https:\/\/eldiariodesanpedro.com.ar\/sitio\/wp-json\/wp\/v2\/users\/4"}],"replies":[{"embeddable":true,"href":"https:\/\/eldiariodesanpedro.com.ar\/sitio\/wp-json\/wp\/v2\/comments?post=45946"}],"version-history":[{"count":1,"href":"https:\/\/eldiariodesanpedro.com.ar\/sitio\/wp-json\/wp\/v2\/posts\/45946\/revisions"}],"predecessor-version":[{"id":45947,"href":"https:\/\/eldiariodesanpedro.com.ar\/sitio\/wp-json\/wp\/v2\/posts\/45946\/revisions\/45947"}],"wp:featuredmedia":[{"embeddable":true,"href":"https:\/\/eldiariodesanpedro.com.ar\/sitio\/wp-json\/wp\/v2\/media\/16991"}],"wp:attachment":[{"href":"https:\/\/eldiariodesanpedro.com.ar\/sitio\/wp-json\/wp\/v2\/media?parent=45946"}],"wp:term":[{"taxonomy":"category","embeddable":true,"href":"https:\/\/eldiariodesanpedro.com.ar\/sitio\/wp-json\/wp\/v2\/categories?post=45946"},{"taxonomy":"post_tag","embeddable":true,"href":"https:\/\/eldiariodesanpedro.com.ar\/sitio\/wp-json\/wp\/v2\/tags?post=45946"}],"curies":[{"name":"wp","href":"https:\/\/api.w.org\/{rel}","templated":true}]}}