{"id":45943,"date":"2019-01-14T12:14:37","date_gmt":"2019-01-14T15:14:37","guid":{"rendered":"https:\/\/eldiariodesanpedro.com.ar\/sitio\/?p=45943"},"modified":"2019-01-14T12:14:45","modified_gmt":"2019-01-14T15:14:45","slug":"zarate-otra-discusion-que-termino-en-muerte","status":"publish","type":"post","link":"https:\/\/eldiariodesanpedro.com.ar\/sitio\/zarate-otra-discusion-que-termino-en-muerte\/","title":{"rendered":"Z\u00c1RATE: Otra discusi\u00f3n que termin\u00f3 en muerte"},"content":{"rendered":"<!-- VideographyWP Plugin Message: Automatic video embedding prevented by plugin options. -->\n\n<p>Un joven de 22 a\u00f1os fue asesinado de dos balazos en la cabeza luego de que presuntamente mantuvo una pelea con dos hermanos por una moto robada.&nbsp;El hecho ocurri\u00f3 en la casa 169 del barrio Matadero de Z\u00e1rate.<\/p>\n\n\n\n<p>La v\u00edctima fue dentificada por la Polic\u00eda como Braian Emanuel Moreira. Fuentes policiales informaron que todo comenz\u00f3 cerca de las 21 del s\u00e1bado, cuando un joven apodado Pitu Pe\u00f1a, de 23 a\u00f1os, se acerc\u00f3 junto a su familiar de 29 al domicilio de Moreira y mantuvieron una discusi\u00f3n con \u00e9ste por una moto robada.<\/p>\n\n\n\n<p>Durante el altercado, la v\u00edctima le dispar\u00f3 a Pitu en un pie, tras lo cual, los hermanos se retiraron del lugar y regresaron momentos despu\u00e9s con un arma de fuego. Seg\u00fan relataron luego los testigos a los polic\u00edas de la comisar\u00eda 1\u00aa. de Z\u00e1rate, \u201cPitu\u201d lo hiri\u00f3 dos veces en la cabeza a Moreira sin mediar palabra y escap\u00f3 del lugar junto a su hermano. De acuerdo a los voceros, el joven baleado fue trasladado de urgencia al Hospital Zonal Virgen del Carmen, donde muri\u00f3 a los pocos minutos a ra\u00edz de la gravedad de las lesiones sufridas.<\/p>\n\n\n\n<p>En tanto, la Polic\u00eda bonaerense realiz\u00f3 un allanamiento en una casa donde est\u00e1n domiciliados los hermanos, ubicada en el cruce de la calle Islas Malvinas y Pasaje 3 del mismo barrio, pero hasta ahora no hab\u00edan sido capturados.<\/p>\n\n\n\n<p>Fuente: <a href=\"http:\/\/www.zaratealerta.com.ar\">Zarate Alerta <\/a><\/p>\n","protected":false},"excerpt":{"rendered":"<p>Un joven de 22 a\u00f1os fue asesinado de dos balazos en la cabeza luego de que presuntamente mantuvo una pelea con dos hermanos por una moto robada.&nbsp;El hecho ocurri\u00f3 en la casa 169 del barrio Matadero de Z\u00e1rate. La v\u00edctima fue dentificada por la Polic\u00eda como Braian Emanuel Moreira. Fuentes policiales informaron que todo comenz\u00f3 [&hellip;]<\/p>\n","protected":false},"author":4,"featured_media":45944,"comment_status":"open","ping_status":"closed","sticky":false,"template":"","format":"standard","meta":{"om_disable_all_campaigns":false,"_jetpack_memberships_contains_paid_content":false,"footnotes":""},"categories":[621],"tags":[],"class_list":["post-45943","post","type-post","status-publish","format-standard","has-post-thumbnail","hentry","category-regionales"],"aioseo_notices":[],"gutentor_comment":0,"jetpack_featured_media_url":"https:\/\/eldiariodesanpedro.com.ar\/sitio\/wp-content\/uploads\/2019\/01\/Policia-CPC-Noche.jpg","jetpack_shortlink":"https:\/\/wp.me\/p6RhLt-bX1","jetpack_sharing_enabled":true,"_links":{"self":[{"href":"https:\/\/eldiariodesanpedro.com.ar\/sitio\/wp-json\/wp\/v2\/posts\/45943","targetHints":{"allow":["GET"]}}],"collection":[{"href":"https:\/\/eldiariodesanpedro.com.ar\/sitio\/wp-json\/wp\/v2\/posts"}],"about":[{"href":"https:\/\/eldiariodesanpedro.com.ar\/sitio\/wp-json\/wp\/v2\/types\/post"}],"author":[{"embeddable":true,"href":"https:\/\/eldiariodesanpedro.com.ar\/sitio\/wp-json\/wp\/v2\/users\/4"}],"replies":[{"embeddable":true,"href":"https:\/\/eldiariodesanpedro.com.ar\/sitio\/wp-json\/wp\/v2\/comments?post=45943"}],"version-history":[{"count":1,"href":"https:\/\/eldiariodesanpedro.com.ar\/sitio\/wp-json\/wp\/v2\/posts\/45943\/revisions"}],"predecessor-version":[{"id":45945,"href":"https:\/\/eldiariodesanpedro.com.ar\/sitio\/wp-json\/wp\/v2\/posts\/45943\/revisions\/45945"}],"wp:featuredmedia":[{"embeddable":true,"href":"https:\/\/eldiariodesanpedro.com.ar\/sitio\/wp-json\/wp\/v2\/media\/45944"}],"wp:attachment":[{"href":"https:\/\/eldiariodesanpedro.com.ar\/sitio\/wp-json\/wp\/v2\/media?parent=45943"}],"wp:term":[{"taxonomy":"category","embeddable":true,"href":"https:\/\/eldiariodesanpedro.com.ar\/sitio\/wp-json\/wp\/v2\/categories?post=45943"},{"taxonomy":"post_tag","embeddable":true,"href":"https:\/\/eldiariodesanpedro.com.ar\/sitio\/wp-json\/wp\/v2\/tags?post=45943"}],"curies":[{"name":"wp","href":"https:\/\/api.w.org\/{rel}","templated":true}]}}