{"id":4594,"date":"2016-05-22T22:16:19","date_gmt":"2016-05-23T01:16:19","guid":{"rendered":"https:\/\/eldiariodesanpedro.com.ar\/sitio\/?p=4594"},"modified":"2016-05-22T22:16:19","modified_gmt":"2016-05-23T01:16:19","slug":"nueva-reunion-de-productores-del-territorio-en-el-inta","status":"publish","type":"post","link":"https:\/\/eldiariodesanpedro.com.ar\/sitio\/nueva-reunion-de-productores-del-territorio-en-el-inta\/","title":{"rendered":"Nueva reuni\u00f3n de productores del territorio en el INTA"},"content":{"rendered":"<p><!-- VideographyWP Plugin Message: Automatic video embedding prevented by plugin options. --><br \/>\nEl mi\u00e9rcoles 18 de mayo se concret\u00f3 la tercera reuni\u00f3n para conformar el Consejo Local Asesor. Esta vez los participantes fueron productores representados a trav\u00e9s de nueve organizaciones. A mediados de junio se concretar\u00e1 la cuarta reuni\u00f3n con el sector educativo y antes de finalizar ese mes quedar\u00e1 conformado este \u00f3rgano con un nuevo enfoque y nuevas tareas.<br \/>\nLa reuni\u00f3n fue intensa, no solo por la amplitud en la convocatoria, sino porque quienes participaron pudieron expresar sus principales preocupaciones y necesidades en torno a la labor del INTA en el territorio. El producto de esta reuni\u00f3n se est\u00e1 consolidando junto a lo que surgi\u00f3 de la reuni\u00f3n con los municipios, con organismos del Estado y ONG, y constituye un mapa de problemas que fijar\u00e1 la agenda de trabajo de esta nueva organizaci\u00f3n en formaci\u00f3n.<br \/>\nEntre los 15 participantes hubo representantes de la Federaci\u00f3n Agraria Argentina y las Sociedades Rural de San Pedro, Baradero y la que re\u00fane a los partidos de Exaltaci\u00f3n de la Cruz, Campana y Z\u00e1rate. Por las producciones intensivas estuvieron representantes de CAPROEM y de la C\u00e1mara de Viveristas. Tambi\u00e9n estuvo la Cooperativa de apicultores de San Nicol\u00e1s, representando a FECOAPI, y la Cooperativa Agr\u00edcola Limitada de Ramallo. Por la Agricultura Familiar hubo integrantes de la Comisi\u00f3n de la Feria Frutos de la Tierra y el R\u00edo.<br \/>\nMuchos de los temas planteados por los presentes, aunque sin mencionarlo en esos t\u00e9rminos, apuntaban al trabajo en ordenamiento territorial, principalmente a trav\u00e9s del manejo de agroqu\u00edmicos, conservaci\u00f3n del suelo y preservaci\u00f3n de algunas producciones como la ap\u00edcola. Se destac\u00f3 la importancia de avanzar en la ganader\u00eda como necesaria para la rotaci\u00f3n de los cultivos, en el abordaje de problemas de malezas resistentes a herbicidas que podr\u00edan ser perjudiciales para varias producciones y la p\u00e9rdida de rentabilidad. Tambi\u00e9n se present\u00f3 la necesidad de mano de obra calificada en distintas labores vinculadas al campo (molineros, alambradores, tractoristas, injertadores, operarios ap\u00edcolas). Un tema cuya resoluci\u00f3n seguramente no est\u00e1 en manos del INTA, pero que ocup\u00f3 un espacio del intercambio, fue la preocupaci\u00f3n por la situaci\u00f3n de inseguridad en los campos.<br \/>\nLos presentes dejaron testimonios:<br \/>\nRa\u00fal Salvioni &#8211; Cooperativa Agr\u00edcola de Ramallo &#8211; Jefe del Departamento Agron\u00f3mico: \u00abCon la expectativa de conformar esta comisi\u00f3n y tambi\u00e9n participar en algunos proyectos regionales\u00bb.<br \/>\nRaul Victores &#8211; Presidente Sociedad Rural de San Pedro: \u00abNos parece importante participar de esta reuni\u00f3n para ver si podemos encauzar o poner al INTA a la altura de las circunstancias que tuvo en otras \u00e9pocas, con mucha pena y mucha tristeza hemos visto que ha decrecido la calidad investigativa, siendo que tiene gente valios\u00edsima, y pensamos que esta es una nueva etapa y por eso estamos ac\u00e1\u00bb.<br \/>\nWalter Balustro &#8211; Comisi\u00f3n Frutos de la Tierra y el R\u00edo: \u00abVinimos invitados por el INTA a ver la presentaci\u00f3n del Consejo Local. Lo que conversemos ac\u00e1 lo vamos a charlar con la Comisi\u00f3n de la Feria y elegir un representante. Que el INTA pueda escuchar nuestras inquietudes nos va a aportar mucho\u00bb.<br \/>\nJavier Mirada &#8211; Federaci\u00f3n Agraria: \u00abMe parece muy interesante la reuni\u00f3n que tuvimos hoy representando al CLA, defendiendo al mediano productor e intercambiando conversaciones con distintos grupos de la zona; gente con diferentes problem\u00e1ticas\u00bb.<br \/>\nBruno Violi &#8211; Sociedad Rural Baradero: \u00abLa perspectiva para conformar este Consejo son positivas. Tenemos la oportunidad de ser part\u00edcipes del cambio. Creo que esto va a ser positivo y va a dar sus resultados\u00bb.<br \/>\nRam\u00f3n Barcel\u00f3 &#8211; CAPROEM: \u00abNos vamos a integrar a lo que se necesite en pos de nuestras producciones\u00bb.<br \/>\nPedro Angel Barbotto &#8211; Presidente Cooperativa Ap\u00edcola de San Nicol\u00e1s \/ FECOAP: \u00abLas expectativas son buenas. Creo que se abre una nueva posibilidad, nuevas alternativas dentro del proyecto del INTA, esperamos estar insertos en este, colaborar, y llevar adelante cosas positivas para la producci\u00f3n ap\u00edcola\u00bb.<\/p>\n","protected":false},"excerpt":{"rendered":"<p>El mi\u00e9rcoles 18 de mayo se concret\u00f3 la tercera reuni\u00f3n para conformar el Consejo Local Asesor. Esta vez los participantes fueron productores representados a trav\u00e9s de nueve organizaciones. A mediados de junio se concretar\u00e1 la cuarta reuni\u00f3n con el sector educativo y antes de finalizar ese mes quedar\u00e1 conformado este \u00f3rgano con un nuevo enfoque [&hellip;]<\/p>\n","protected":false},"author":4,"featured_media":4595,"comment_status":"open","ping_status":"closed","sticky":false,"template":"","format":"standard","meta":{"om_disable_all_campaigns":false,"_jetpack_memberships_contains_paid_content":false,"footnotes":""},"categories":[101,2],"tags":[],"class_list":["post-4594","post","type-post","status-publish","format-standard","has-post-thumbnail","hentry","category-interes-general-locales","category-locales"],"aioseo_notices":[],"gutentor_comment":0,"jetpack_featured_media_url":"https:\/\/eldiariodesanpedro.com.ar\/sitio\/wp-content\/uploads\/2016\/05\/PAGINA-6.jpeg","jetpack_shortlink":"https:\/\/wp.me\/p6RhLt-1c6","jetpack_sharing_enabled":true,"_links":{"self":[{"href":"https:\/\/eldiariodesanpedro.com.ar\/sitio\/wp-json\/wp\/v2\/posts\/4594","targetHints":{"allow":["GET"]}}],"collection":[{"href":"https:\/\/eldiariodesanpedro.com.ar\/sitio\/wp-json\/wp\/v2\/posts"}],"about":[{"href":"https:\/\/eldiariodesanpedro.com.ar\/sitio\/wp-json\/wp\/v2\/types\/post"}],"author":[{"embeddable":true,"href":"https:\/\/eldiariodesanpedro.com.ar\/sitio\/wp-json\/wp\/v2\/users\/4"}],"replies":[{"embeddable":true,"href":"https:\/\/eldiariodesanpedro.com.ar\/sitio\/wp-json\/wp\/v2\/comments?post=4594"}],"version-history":[{"count":1,"href":"https:\/\/eldiariodesanpedro.com.ar\/sitio\/wp-json\/wp\/v2\/posts\/4594\/revisions"}],"predecessor-version":[{"id":4596,"href":"https:\/\/eldiariodesanpedro.com.ar\/sitio\/wp-json\/wp\/v2\/posts\/4594\/revisions\/4596"}],"wp:featuredmedia":[{"embeddable":true,"href":"https:\/\/eldiariodesanpedro.com.ar\/sitio\/wp-json\/wp\/v2\/media\/4595"}],"wp:attachment":[{"href":"https:\/\/eldiariodesanpedro.com.ar\/sitio\/wp-json\/wp\/v2\/media?parent=4594"}],"wp:term":[{"taxonomy":"category","embeddable":true,"href":"https:\/\/eldiariodesanpedro.com.ar\/sitio\/wp-json\/wp\/v2\/categories?post=4594"},{"taxonomy":"post_tag","embeddable":true,"href":"https:\/\/eldiariodesanpedro.com.ar\/sitio\/wp-json\/wp\/v2\/tags?post=4594"}],"curies":[{"name":"wp","href":"https:\/\/api.w.org\/{rel}","templated":true}]}}