{"id":45937,"date":"2019-01-14T10:49:59","date_gmt":"2019-01-14T13:49:59","guid":{"rendered":"https:\/\/eldiariodesanpedro.com.ar\/sitio\/?p=45937"},"modified":"2019-01-14T10:50:08","modified_gmt":"2019-01-14T13:50:08","slug":"ramallo-un-pescador-saco-una-raya-de-140-kilos","status":"publish","type":"post","link":"https:\/\/eldiariodesanpedro.com.ar\/sitio\/ramallo-un-pescador-saco-una-raya-de-140-kilos\/","title":{"rendered":"RAMALLO: Un pescador sac\u00f3 una raya de 140 kilos"},"content":{"rendered":"<!-- VideographyWP Plugin Message: Automatic video embedding prevented by plugin options. -->\n\n<p> El ejemplar fue pescado en las aguas del R\u00edo Paran\u00e1dice la F.M 98.5 de Ramallo. En la tarde del s\u00e1bado se supo que un afortunado pescador de Ramallo, Daniel Hern\u00e1ndez pudo sacar de las aguas del R\u00edo Paran\u00e1 un hermoso ejemplar de raya, con un peso que supera los 140 kilos. La noticia r\u00e1pidamente circul\u00f3 por la red social facebook con fotos del animal. La carne es muy apreciada y solicitada para consumo de milanesas.<\/p>\n\n\n\n<p>Se sabe que en el a\u00f1o 2013, otro ejemplar de 155 kilos fue sacado por dos pescadores \u00a0aguas abajo del Puerto de Reconquista, departamento de General Obligado a la salida del arroyo Granadillo.<\/p>\n\n\n\n<p>Fuente: <a href=\"http:\/\/colonbuenosaires.com.ar\/elfaro\/\">Col\u00f3n Buenos Aires<\/a><\/p>\n","protected":false},"excerpt":{"rendered":"<p>El ejemplar fue pescado en las aguas del R\u00edo Paran\u00e1dice la F.M 98.5 de Ramallo. En la tarde del s\u00e1bado se supo que un afortunado pescador de Ramallo, Daniel Hern\u00e1ndez pudo sacar de las aguas del R\u00edo Paran\u00e1 un hermoso ejemplar de raya, con un peso que supera los 140 kilos. La noticia r\u00e1pidamente circul\u00f3 [&hellip;]<\/p>\n","protected":false},"author":4,"featured_media":45938,"comment_status":"open","ping_status":"closed","sticky":false,"template":"","format":"standard","meta":{"om_disable_all_campaigns":false,"_jetpack_memberships_contains_paid_content":false,"footnotes":""},"categories":[621],"tags":[],"class_list":["post-45937","post","type-post","status-publish","format-standard","has-post-thumbnail","hentry","category-regionales"],"aioseo_notices":[],"gutentor_comment":0,"jetpack_featured_media_url":"https:\/\/eldiariodesanpedro.com.ar\/sitio\/wp-content\/uploads\/2019\/01\/ralla.jpg","jetpack_shortlink":"https:\/\/wp.me\/p6RhLt-bWV","jetpack_sharing_enabled":true,"_links":{"self":[{"href":"https:\/\/eldiariodesanpedro.com.ar\/sitio\/wp-json\/wp\/v2\/posts\/45937","targetHints":{"allow":["GET"]}}],"collection":[{"href":"https:\/\/eldiariodesanpedro.com.ar\/sitio\/wp-json\/wp\/v2\/posts"}],"about":[{"href":"https:\/\/eldiariodesanpedro.com.ar\/sitio\/wp-json\/wp\/v2\/types\/post"}],"author":[{"embeddable":true,"href":"https:\/\/eldiariodesanpedro.com.ar\/sitio\/wp-json\/wp\/v2\/users\/4"}],"replies":[{"embeddable":true,"href":"https:\/\/eldiariodesanpedro.com.ar\/sitio\/wp-json\/wp\/v2\/comments?post=45937"}],"version-history":[{"count":1,"href":"https:\/\/eldiariodesanpedro.com.ar\/sitio\/wp-json\/wp\/v2\/posts\/45937\/revisions"}],"predecessor-version":[{"id":45939,"href":"https:\/\/eldiariodesanpedro.com.ar\/sitio\/wp-json\/wp\/v2\/posts\/45937\/revisions\/45939"}],"wp:featuredmedia":[{"embeddable":true,"href":"https:\/\/eldiariodesanpedro.com.ar\/sitio\/wp-json\/wp\/v2\/media\/45938"}],"wp:attachment":[{"href":"https:\/\/eldiariodesanpedro.com.ar\/sitio\/wp-json\/wp\/v2\/media?parent=45937"}],"wp:term":[{"taxonomy":"category","embeddable":true,"href":"https:\/\/eldiariodesanpedro.com.ar\/sitio\/wp-json\/wp\/v2\/categories?post=45937"},{"taxonomy":"post_tag","embeddable":true,"href":"https:\/\/eldiariodesanpedro.com.ar\/sitio\/wp-json\/wp\/v2\/tags?post=45937"}],"curies":[{"name":"wp","href":"https:\/\/api.w.org\/{rel}","templated":true}]}}