{"id":45934,"date":"2019-01-14T10:32:14","date_gmt":"2019-01-14T13:32:14","guid":{"rendered":"https:\/\/eldiariodesanpedro.com.ar\/sitio\/?p=45934"},"modified":"2019-01-14T10:32:23","modified_gmt":"2019-01-14T13:32:23","slug":"campana-habra-una-clase-abierta-de-folklore-para-todas-las-edades","status":"publish","type":"post","link":"https:\/\/eldiariodesanpedro.com.ar\/sitio\/campana-habra-una-clase-abierta-de-folklore-para-todas-las-edades\/","title":{"rendered":"CAMPANA: Habr\u00e1 una clase abierta de folklore para todas las edades"},"content":{"rendered":"<!-- VideographyWP Plugin Message: Automatic video embedding prevented by plugin options. -->\n\n<p>\n\nEl profesor Nahuel Moreira y sus alumnos del taller municipal invitan a los vecinos a disfrutar del baile y la m\u00fasica popular argentina este lunes 14, a las 19.30, en la plaza Eduardo Costa.<\/p>\n\n\n\n<p>En una nueva propuesta de la Subsecretar\u00eda de Pol\u00edticas Integrales de Cultura y Educaci\u00f3n, se viene una clase abierta de folklore para todas las edades.<\/p>\n\n\n\n<p>Ser\u00e1 este pr\u00f3ximo lunes, a las 19.30, en el Patio de las Am\u00e9ricas de la plaza Eduardo Costa.<\/p>\n\n\n\n<p>El profesor Nahuel Moreira y los alumnos del taller municipal invitan a todos los vecinos a disfrutar de un momento a puro baile y m\u00fasica popular argentina.<\/p>\n\n\n\n<p>Seg\u00fan informaron, en caso de lluvia, la clase no se suspender\u00e1. Se llevar\u00e1 a cabo en el sal\u00f3n Ronald Nash del Edificio 6 de Julio.<\/p>\n\n\n\n<p>Fuente: <a href=\"http:\/\/www.campananoticias.com\">Campana Noticias<\/a><\/p>\n","protected":false},"excerpt":{"rendered":"<p>El profesor Nahuel Moreira y sus alumnos del taller municipal invitan a los vecinos a disfrutar del baile y la m\u00fasica popular argentina este lunes 14, a las 19.30, en la plaza Eduardo Costa. En una nueva propuesta de la Subsecretar\u00eda de Pol\u00edticas Integrales de Cultura y Educaci\u00f3n, se viene una clase abierta de folklore [&hellip;]<\/p>\n","protected":false},"author":4,"featured_media":45935,"comment_status":"open","ping_status":"closed","sticky":false,"template":"","format":"standard","meta":{"om_disable_all_campaigns":false,"_jetpack_memberships_contains_paid_content":false,"footnotes":""},"categories":[621],"tags":[],"class_list":["post-45934","post","type-post","status-publish","format-standard","has-post-thumbnail","hentry","category-regionales"],"aioseo_notices":[],"gutentor_comment":0,"jetpack_featured_media_url":"https:\/\/eldiariodesanpedro.com.ar\/sitio\/wp-content\/uploads\/2019\/01\/folklore-g.jpg","jetpack_shortlink":"https:\/\/wp.me\/p6RhLt-bWS","jetpack_sharing_enabled":true,"_links":{"self":[{"href":"https:\/\/eldiariodesanpedro.com.ar\/sitio\/wp-json\/wp\/v2\/posts\/45934","targetHints":{"allow":["GET"]}}],"collection":[{"href":"https:\/\/eldiariodesanpedro.com.ar\/sitio\/wp-json\/wp\/v2\/posts"}],"about":[{"href":"https:\/\/eldiariodesanpedro.com.ar\/sitio\/wp-json\/wp\/v2\/types\/post"}],"author":[{"embeddable":true,"href":"https:\/\/eldiariodesanpedro.com.ar\/sitio\/wp-json\/wp\/v2\/users\/4"}],"replies":[{"embeddable":true,"href":"https:\/\/eldiariodesanpedro.com.ar\/sitio\/wp-json\/wp\/v2\/comments?post=45934"}],"version-history":[{"count":1,"href":"https:\/\/eldiariodesanpedro.com.ar\/sitio\/wp-json\/wp\/v2\/posts\/45934\/revisions"}],"predecessor-version":[{"id":45936,"href":"https:\/\/eldiariodesanpedro.com.ar\/sitio\/wp-json\/wp\/v2\/posts\/45934\/revisions\/45936"}],"wp:featuredmedia":[{"embeddable":true,"href":"https:\/\/eldiariodesanpedro.com.ar\/sitio\/wp-json\/wp\/v2\/media\/45935"}],"wp:attachment":[{"href":"https:\/\/eldiariodesanpedro.com.ar\/sitio\/wp-json\/wp\/v2\/media?parent=45934"}],"wp:term":[{"taxonomy":"category","embeddable":true,"href":"https:\/\/eldiariodesanpedro.com.ar\/sitio\/wp-json\/wp\/v2\/categories?post=45934"},{"taxonomy":"post_tag","embeddable":true,"href":"https:\/\/eldiariodesanpedro.com.ar\/sitio\/wp-json\/wp\/v2\/tags?post=45934"}],"curies":[{"name":"wp","href":"https:\/\/api.w.org\/{rel}","templated":true}]}}