{"id":45931,"date":"2019-01-14T10:29:01","date_gmt":"2019-01-14T13:29:01","guid":{"rendered":"https:\/\/eldiariodesanpedro.com.ar\/sitio\/?p=45931"},"modified":"2019-01-14T10:29:10","modified_gmt":"2019-01-14T13:29:10","slug":"zarate-convocan-comerciantes-y-emprendedores-para-el-mercado-witcel","status":"publish","type":"post","link":"https:\/\/eldiariodesanpedro.com.ar\/sitio\/zarate-convocan-comerciantes-y-emprendedores-para-el-mercado-witcel\/","title":{"rendered":"Z\u00c1RATE: Convocan comerciantes y emprendedores para el Mercado Witcel"},"content":{"rendered":"<!-- VideographyWP Plugin Message: Automatic video embedding prevented by plugin options. -->\n\n<p>\n\nEl Municipio de Z\u00e1rate contin\u00faa extendiendo la convocatoria de comerciantes y emprendedores para formar parte del Mercado Witcel<\/p>\n\n\n\n<p>Luego de su inauguraci\u00f3n, este centro comercial minorista, que est\u00e1 bajo la \u00f3rbita de la SAPEM Costanera, se transformar\u00e1 r\u00e1pidamente en un lugar de encuentro para zarate\u00f1os y un paseo ineludible para turistas.<\/p>\n\n\n\n<p>Desde la organizaci\u00f3n, a\u00fan contin\u00faan ofreciendo a comerciantes y emprendedores locales puestos en el Mercado para tener su lugar en esta nueva iniciativa.<\/p>\n\n\n\n<p>Para quienes se interesen en esta nueva posibilidad que brinda el municipio, deber\u00e1n saber que tendr\u00e1n beneficios en la habilitaci\u00f3n como la exenci\u00f3n de tasa por habilitaci\u00f3n de comercio y la exenci\u00f3n de tasa de seguridad e higiene por 2 a\u00f1os, como dicta la Ordenanza N\u00b04691 (Art N\u00b03 y N\u00b04) aprobada por el Honorable Concejo Deliberante de Z\u00e1rate. Adem\u00e1s, el Mercado cuenta con seguridad, limpieza y ventilaci\u00f3n, entre otros beneficios.<\/p>\n\n\n\n<p>El Mercado Witcel estar\u00e1 abierto los d\u00edas viernes, s\u00e1bados, domingos y feriados de 9 a 14hs y de 18 a 00hs.<\/p>\n\n\n\n<p>Los interesados podr\u00e1n contactarse al tel\u00e9fono 03487-443700 int. 4002, al mail zarateplanificacion@gmail.com o dirigirse al Edificio de la Ribera ubicado en Apolo 11 (Edificio vidriado enfrente de Prefectura).<\/p>\n\n\n\n<p>Fuente: <a href=\"http:\/\/www.zaratealerta.com.ar \">Zarate Alerta<\/a><\/p>\n","protected":false},"excerpt":{"rendered":"<p>El Municipio de Z\u00e1rate contin\u00faa extendiendo la convocatoria de comerciantes y emprendedores para formar parte del Mercado Witcel Luego de su inauguraci\u00f3n, este centro comercial minorista, que est\u00e1 bajo la \u00f3rbita de la SAPEM Costanera, se transformar\u00e1 r\u00e1pidamente en un lugar de encuentro para zarate\u00f1os y un paseo ineludible para turistas. Desde la organizaci\u00f3n, a\u00fan [&hellip;]<\/p>\n","protected":false},"author":4,"featured_media":45932,"comment_status":"open","ping_status":"closed","sticky":false,"template":"","format":"standard","meta":{"om_disable_all_campaigns":false,"_jetpack_memberships_contains_paid_content":false,"footnotes":""},"categories":[621],"tags":[],"class_list":["post-45931","post","type-post","status-publish","format-standard","has-post-thumbnail","hentry","category-regionales"],"aioseo_notices":[],"gutentor_comment":0,"jetpack_featured_media_url":"https:\/\/eldiariodesanpedro.com.ar\/sitio\/wp-content\/uploads\/2019\/01\/witcel-4.jpg","jetpack_shortlink":"https:\/\/wp.me\/p6RhLt-bWP","jetpack_sharing_enabled":true,"_links":{"self":[{"href":"https:\/\/eldiariodesanpedro.com.ar\/sitio\/wp-json\/wp\/v2\/posts\/45931","targetHints":{"allow":["GET"]}}],"collection":[{"href":"https:\/\/eldiariodesanpedro.com.ar\/sitio\/wp-json\/wp\/v2\/posts"}],"about":[{"href":"https:\/\/eldiariodesanpedro.com.ar\/sitio\/wp-json\/wp\/v2\/types\/post"}],"author":[{"embeddable":true,"href":"https:\/\/eldiariodesanpedro.com.ar\/sitio\/wp-json\/wp\/v2\/users\/4"}],"replies":[{"embeddable":true,"href":"https:\/\/eldiariodesanpedro.com.ar\/sitio\/wp-json\/wp\/v2\/comments?post=45931"}],"version-history":[{"count":1,"href":"https:\/\/eldiariodesanpedro.com.ar\/sitio\/wp-json\/wp\/v2\/posts\/45931\/revisions"}],"predecessor-version":[{"id":45933,"href":"https:\/\/eldiariodesanpedro.com.ar\/sitio\/wp-json\/wp\/v2\/posts\/45931\/revisions\/45933"}],"wp:featuredmedia":[{"embeddable":true,"href":"https:\/\/eldiariodesanpedro.com.ar\/sitio\/wp-json\/wp\/v2\/media\/45932"}],"wp:attachment":[{"href":"https:\/\/eldiariodesanpedro.com.ar\/sitio\/wp-json\/wp\/v2\/media?parent=45931"}],"wp:term":[{"taxonomy":"category","embeddable":true,"href":"https:\/\/eldiariodesanpedro.com.ar\/sitio\/wp-json\/wp\/v2\/categories?post=45931"},{"taxonomy":"post_tag","embeddable":true,"href":"https:\/\/eldiariodesanpedro.com.ar\/sitio\/wp-json\/wp\/v2\/tags?post=45931"}],"curies":[{"name":"wp","href":"https:\/\/api.w.org\/{rel}","templated":true}]}}