{"id":45928,"date":"2019-01-14T10:26:28","date_gmt":"2019-01-14T13:26:28","guid":{"rendered":"https:\/\/eldiariodesanpedro.com.ar\/sitio\/?p=45928"},"modified":"2019-01-14T10:26:37","modified_gmt":"2019-01-14T13:26:37","slug":"campana-vacuna-contra-la-fiebre-amarilla-en-el-hospital-de-campana-no-hay-mas-turnos-hasta-el-13-de-febrero","status":"publish","type":"post","link":"https:\/\/eldiariodesanpedro.com.ar\/sitio\/campana-vacuna-contra-la-fiebre-amarilla-en-el-hospital-de-campana-no-hay-mas-turnos-hasta-el-13-de-febrero\/","title":{"rendered":"CAMPANA: Vacuna contra la fiebre amarilla: en el Hospital de Campana no hay m\u00e1s turnos hasta el 13 de febrero"},"content":{"rendered":"<!-- VideographyWP Plugin Message: Automatic video embedding prevented by plugin options. -->\n\n<p>\n\nEs por la gran demanda de personas que viajan al exterior. Por eso, desde Municipio, recomiendan tener en cuenta los plazos del viaje para sacar turno con tiempo.<\/p>\n\n\n\n<p>Por la gran demanda de vecinos que viajan al exterior, hasta el 13 de febrero no hay turnos disponibles en el Hospital Municipal San Jos\u00e9 para aplicar la vacuna contra la fiebre amarilla.<\/p>\n\n\n\n<p>As\u00ed lo comunic\u00f3 el secretario de Salud, Ernesto Meiraldi, junto a la directora de Salud Comunitaria, Eleonora Penovi, quienes adem\u00e1s explicaron que la vacuna se aplica no solamente a los vecinos de Campana sino tambi\u00e9n a la poblaci\u00f3n de toda la regi\u00f3n.<\/p>\n\n\n\n<p>\u00abHoy d\u00eda hay una gran demanda de la vacuna porque muchas personas se van de vacaciones al exterior, principalmente a Brasil, y nuestro hospital dispone de 30 vacunas por d\u00eda\u00bb, agreg\u00f3 Meiraldi.<\/p>\n\n\n\n<p>Tambi\u00e9n recomend\u00f3 a la poblaci\u00f3n \u00abtener en cuenta los plazos del viaje para sacar turno con tiempo\u00bb y no aplic\u00e1rsela a \u00faltimo momento \u00abporque la vacuna necesita por lo menos diez d\u00edas para que haga efecto\u00bb.<\/p>\n\n\n\n<p>Por su parte, Penovi record\u00f3 que la dosis se aplica los d\u00edas lunes, mi\u00e9rcoles y viernes \u00fanicamente con turnos que los interesados deben solicitar comunic\u00e1ndose con el 03489 &#8211; 492810 de lunes a viernes de 7:30 a 9:30.<\/p>\n\n\n\n<p>Las personas adem\u00e1s deben concurrir con orden m\u00e9dica \u00abporque tiene contraindicaciones y no cualquier persona puede recibirla\u00bb al tiempo que asegur\u00f3 que \u00abla vacuna ofrece una inmunidad efectiva al 99% pero debe aplicarse al menos diez d\u00edas previos al viaje\u00bb.<\/p>\n\n\n\n<p>Respecto a la cantidad de dosis que aplica el hospital, la directora de Salud Comunitaria explic\u00f3 que son 30 \u00ab-ni una m\u00e1s ni una menos\u00bb, dijo- y fueron otorgadas por el Ministerio de Salud. No obstante, se est\u00e1 gestionando ampliar el cupo.<\/p>\n\n\n\n<p>\u00abLos que hacemos es una lista de espera y vamos llamando a los pacientes a medida que quedan vacunas libres. Hasta el momento, vacunamos a todos lo que lo requirieron\u00bb, enfatiz\u00f3.&nbsp;<\/p>\n\n\n\n<p>Hacia el final, Penovi explic\u00f3 que el hospital municipal otorga un Certificado Internacional de Vacuna (de color amarillo) \u00abque sirve para toda la vida y se debe conservar en perfecto estado\u00bb.<\/p>\n\n\n\n<p>Por ello, aconsej\u00f3 \u00abrealizar una fotocopia para evitar cualquier inconveniente porque el \u00fanico que est\u00e1 autorizado a repetir este documento es la Direcci\u00f3n de Sanidad de Fronteras\u00bb, al tiempo que record\u00f3 que una sola dosis sirve para toda la vida.<\/p>\n\n\n\n<p>Y se\u00f1al\u00f3 que \u00absi alguna persona no puede recibir la vacuna por indicaci\u00f3n m\u00e9dica o grupo et\u00e1reo (mayores de 60 a\u00f1os) debe concurrir a la Direcci\u00f3n de Sanidad de Fronteras para que ellos realicen el certificado de exenci\u00f3n.\u00bb<\/p>\n\n\n\n<p>Fuente: <a href=\"http:\/\/www.campananoticias.com\">campananoticias.com<\/a><\/p>\n","protected":false},"excerpt":{"rendered":"<p>Es por la gran demanda de personas que viajan al exterior. Por eso, desde Municipio, recomiendan tener en cuenta los plazos del viaje para sacar turno con tiempo. Por la gran demanda de vecinos que viajan al exterior, hasta el 13 de febrero no hay turnos disponibles en el Hospital Municipal San Jos\u00e9 para aplicar [&hellip;]<\/p>\n","protected":false},"author":4,"featured_media":45929,"comment_status":"open","ping_status":"closed","sticky":false,"template":"","format":"standard","meta":{"om_disable_all_campaigns":false,"_jetpack_memberships_contains_paid_content":false,"footnotes":""},"categories":[621],"tags":[],"class_list":["post-45928","post","type-post","status-publish","format-standard","has-post-thumbnail","hentry","category-regionales"],"aioseo_notices":[],"gutentor_comment":0,"jetpack_featured_media_url":"https:\/\/eldiariodesanpedro.com.ar\/sitio\/wp-content\/uploads\/2019\/01\/Incendio-en-la-ruta-11-2-1.jpg","jetpack_shortlink":"https:\/\/wp.me\/p6RhLt-bWM","jetpack_sharing_enabled":true,"_links":{"self":[{"href":"https:\/\/eldiariodesanpedro.com.ar\/sitio\/wp-json\/wp\/v2\/posts\/45928","targetHints":{"allow":["GET"]}}],"collection":[{"href":"https:\/\/eldiariodesanpedro.com.ar\/sitio\/wp-json\/wp\/v2\/posts"}],"about":[{"href":"https:\/\/eldiariodesanpedro.com.ar\/sitio\/wp-json\/wp\/v2\/types\/post"}],"author":[{"embeddable":true,"href":"https:\/\/eldiariodesanpedro.com.ar\/sitio\/wp-json\/wp\/v2\/users\/4"}],"replies":[{"embeddable":true,"href":"https:\/\/eldiariodesanpedro.com.ar\/sitio\/wp-json\/wp\/v2\/comments?post=45928"}],"version-history":[{"count":1,"href":"https:\/\/eldiariodesanpedro.com.ar\/sitio\/wp-json\/wp\/v2\/posts\/45928\/revisions"}],"predecessor-version":[{"id":45930,"href":"https:\/\/eldiariodesanpedro.com.ar\/sitio\/wp-json\/wp\/v2\/posts\/45928\/revisions\/45930"}],"wp:featuredmedia":[{"embeddable":true,"href":"https:\/\/eldiariodesanpedro.com.ar\/sitio\/wp-json\/wp\/v2\/media\/45929"}],"wp:attachment":[{"href":"https:\/\/eldiariodesanpedro.com.ar\/sitio\/wp-json\/wp\/v2\/media?parent=45928"}],"wp:term":[{"taxonomy":"category","embeddable":true,"href":"https:\/\/eldiariodesanpedro.com.ar\/sitio\/wp-json\/wp\/v2\/categories?post=45928"},{"taxonomy":"post_tag","embeddable":true,"href":"https:\/\/eldiariodesanpedro.com.ar\/sitio\/wp-json\/wp\/v2\/tags?post=45928"}],"curies":[{"name":"wp","href":"https:\/\/api.w.org\/{rel}","templated":true}]}}