{"id":45925,"date":"2019-01-14T10:23:35","date_gmt":"2019-01-14T13:23:35","guid":{"rendered":"https:\/\/eldiariodesanpedro.com.ar\/sitio\/?p=45925"},"modified":"2019-01-14T10:23:42","modified_gmt":"2019-01-14T13:23:42","slug":"ramallo-misterioso-incendio-de-un-auto","status":"publish","type":"post","link":"https:\/\/eldiariodesanpedro.com.ar\/sitio\/ramallo-misterioso-incendio-de-un-auto\/","title":{"rendered":"RAMALLO: Misterioso incendio de un auto"},"content":{"rendered":"<!-- VideographyWP Plugin Message: Automatic video embedding prevented by plugin options. -->\n\n<p>Ocurri\u00f3 cerca de acceso a Savio. Los bomberos acudieron esta ma\u00f1ana para apagarlo.<\/p>\n\n\n\n<p>Este s\u00e1bado a la ma\u00f1ana no fue un comienzo de jornada tranquilo para el Cuartel de Bomberos Voluntarios de Villa Ramallo. Minutos antes de las 10 y media, un llamado los alert\u00f3 del incendio de un veh\u00edculo cerca del acceso a Villa General Savio, en el partido de Ramallo.<\/p>\n\n\n\n<p>Al acudir la dotaci\u00f3n, r\u00e1pidamente se pudo reconocer que el autom\u00f3vil era un Ford Focus que estaba ubicado en la ruta 1001. Tras extinguir las llamas, dado que el veh\u00edculo se encontraba en etapa de combusti\u00f3n libre, y tomando los recaudos necesarios ante el peligro inminente, los bomberos lograron su cometido.<\/p>\n\n\n\n<p>El informe facilitado a la redacci\u00f3n de Ramallo Informa indica que las p\u00e9rdidas materiales fueron totales y que, aunque el propietario del auto se encontraba en el lugar de los hechos, no hubo que lamentar v\u00edctimas fatales. La causa del incidente a\u00fan est\u00e1 en etapa de investigaci\u00f3n.<\/p>\n\n\n\n<p>Fuente: Ramallo Informa<\/p>\n","protected":false},"excerpt":{"rendered":"<p>Ocurri\u00f3 cerca de acceso a Savio. Los bomberos acudieron esta ma\u00f1ana para apagarlo. Este s\u00e1bado a la ma\u00f1ana no fue un comienzo de jornada tranquilo para el Cuartel de Bomberos Voluntarios de Villa Ramallo. Minutos antes de las 10 y media, un llamado los alert\u00f3 del incendio de un veh\u00edculo cerca del acceso a Villa [&hellip;]<\/p>\n","protected":false},"author":4,"featured_media":45926,"comment_status":"open","ping_status":"closed","sticky":false,"template":"","format":"standard","meta":{"om_disable_all_campaigns":false,"_jetpack_memberships_contains_paid_content":false,"footnotes":""},"categories":[621],"tags":[],"class_list":["post-45925","post","type-post","status-publish","format-standard","has-post-thumbnail","hentry","category-regionales"],"aioseo_notices":[],"gutentor_comment":0,"jetpack_featured_media_url":"https:\/\/eldiariodesanpedro.com.ar\/sitio\/wp-content\/uploads\/2019\/01\/Incendio-en-la-ruta-11-2.jpg","jetpack_shortlink":"https:\/\/wp.me\/p6RhLt-bWJ","jetpack_sharing_enabled":true,"_links":{"self":[{"href":"https:\/\/eldiariodesanpedro.com.ar\/sitio\/wp-json\/wp\/v2\/posts\/45925","targetHints":{"allow":["GET"]}}],"collection":[{"href":"https:\/\/eldiariodesanpedro.com.ar\/sitio\/wp-json\/wp\/v2\/posts"}],"about":[{"href":"https:\/\/eldiariodesanpedro.com.ar\/sitio\/wp-json\/wp\/v2\/types\/post"}],"author":[{"embeddable":true,"href":"https:\/\/eldiariodesanpedro.com.ar\/sitio\/wp-json\/wp\/v2\/users\/4"}],"replies":[{"embeddable":true,"href":"https:\/\/eldiariodesanpedro.com.ar\/sitio\/wp-json\/wp\/v2\/comments?post=45925"}],"version-history":[{"count":1,"href":"https:\/\/eldiariodesanpedro.com.ar\/sitio\/wp-json\/wp\/v2\/posts\/45925\/revisions"}],"predecessor-version":[{"id":45927,"href":"https:\/\/eldiariodesanpedro.com.ar\/sitio\/wp-json\/wp\/v2\/posts\/45925\/revisions\/45927"}],"wp:featuredmedia":[{"embeddable":true,"href":"https:\/\/eldiariodesanpedro.com.ar\/sitio\/wp-json\/wp\/v2\/media\/45926"}],"wp:attachment":[{"href":"https:\/\/eldiariodesanpedro.com.ar\/sitio\/wp-json\/wp\/v2\/media?parent=45925"}],"wp:term":[{"taxonomy":"category","embeddable":true,"href":"https:\/\/eldiariodesanpedro.com.ar\/sitio\/wp-json\/wp\/v2\/categories?post=45925"},{"taxonomy":"post_tag","embeddable":true,"href":"https:\/\/eldiariodesanpedro.com.ar\/sitio\/wp-json\/wp\/v2\/tags?post=45925"}],"curies":[{"name":"wp","href":"https:\/\/api.w.org\/{rel}","templated":true}]}}