{"id":45921,"date":"2019-01-14T10:18:29","date_gmt":"2019-01-14T13:18:29","guid":{"rendered":"https:\/\/eldiariodesanpedro.com.ar\/sitio\/?p=45921"},"modified":"2019-01-14T10:18:39","modified_gmt":"2019-01-14T13:18:39","slug":"baradero-el-municipio-de-baradero-molesto-con-la-provincia-nos-serviria-que-nos-apoyen-con-el-festival-pero-bueno-a-veces-son-decisiones-politicas","status":"publish","type":"post","link":"https:\/\/eldiariodesanpedro.com.ar\/sitio\/baradero-el-municipio-de-baradero-molesto-con-la-provincia-nos-serviria-que-nos-apoyen-con-el-festival-pero-bueno-a-veces-son-decisiones-politicas\/","title":{"rendered":"BARADERO: El municipio de Baradero molesto con la Provincia: \u201cNos servir\u00eda que nos apoyen con el festival, pero bueno a veces son decisiones pol\u00edticas\u201d"},"content":{"rendered":"<!-- VideographyWP Plugin Message: Automatic video embedding prevented by plugin options. -->\n\n<p>\u201c<strong>Nos servir\u00eda que nos apoyen con el festival,&nbsp;que nos manden el Acercarte, hay que pensar en este festival porque son 45 ediciones,<\/strong>&nbsp;pero bueno<strong>&nbsp;a veces son decisiones pol\u00edticas.&nbsp;<\/strong>De cualquier manera estamos seguros de que es una impronta de nuestra ciudad y por eso<strong>&nbsp;lo vamos a seguir haciendo aunque signifique p\u00e9rdidas<\/strong>\u201c, dijo, en di\u00e1logo con<strong>&nbsp;La Noticia 1,&nbsp;Marcos Barlatay<\/strong>, Secretario de Cultura, Turismo, Educaci\u00f3n y Deporte de&nbsp;<strong>Baradero<\/strong>.<\/p>\n\n\n\n<p>El&nbsp;<strong>festival nacional es de gran relevancia&nbsp;<\/strong>no s\u00f3lo por la&nbsp;<strong>cantidad de a\u00f1os<\/strong>&nbsp;en los que viene realiz\u00e1ndose sino, adem\u00e1s, por los<strong>&nbsp;artistas que se presentan.<\/strong><\/p>\n\n\n\n<p><strong>No es el primer a\u00f1o que Vidal mira para otro lado a la hora de brindar apoyo a este espect\u00e1culo como a otros&nbsp;<\/strong>que se realizan en diversos municipios de la Provincia, quienes insisten en, a pesar de la falta de respaldo, continuar llevando a cabo estas fiestas populares.<\/p>\n\n\n\n<p>El&nbsp;<strong>reclamo de Barlatay no s\u00f3lo tiene referencia a la asistencia econ\u00f3mica, sino principalmente log\u00edstica.<\/strong>\u201c<strong>Acercarte<\/strong>\u201d es un proyecto provincial que cuenta con fondos importantes, y con gran despliegue.&nbsp;<strong>La combinaci\u00f3n de esta iniciativa con los municipios podr\u00eda generar una sinergia<\/strong>&nbsp;para que&nbsp;<strong>no decaigan hist\u00f3ricos festivales<\/strong>&nbsp;en el territorio bonaerense.<\/p>\n\n\n\n<p>El&nbsp;<strong>enojo del Municipio de Baradero en esta \u00e1rea no es aislado,<\/strong>&nbsp;ya que desde&nbsp;<strong>otras Comunas padecen este tipo de decisiones<\/strong>&nbsp;pol\u00edticas discresionales.<\/p>\n\n\n\n<p>Vale destacar que Baradero est\u00e1 gobernado por el mismo signo pol\u00edtico que la Provincia.<\/p>\n\n\n\n<p>Fuente: minutouno.com<\/p>\n","protected":false},"excerpt":{"rendered":"<p>\u201cNos servir\u00eda que nos apoyen con el festival,&nbsp;que nos manden el Acercarte, hay que pensar en este festival porque son 45 ediciones,&nbsp;pero bueno&nbsp;a veces son decisiones pol\u00edticas.&nbsp;De cualquier manera estamos seguros de que es una impronta de nuestra ciudad y por eso&nbsp;lo vamos a seguir haciendo aunque signifique p\u00e9rdidas\u201c, dijo, en di\u00e1logo con&nbsp;La Noticia 1,&nbsp;Marcos [&hellip;]<\/p>\n","protected":false},"author":4,"featured_media":45923,"comment_status":"open","ping_status":"closed","sticky":false,"template":"","format":"standard","meta":{"om_disable_all_campaigns":false,"_jetpack_memberships_contains_paid_content":false,"footnotes":""},"categories":[621],"tags":[],"class_list":["post-45921","post","type-post","status-publish","format-standard","has-post-thumbnail","hentry","category-regionales"],"aioseo_notices":[],"gutentor_comment":0,"jetpack_featured_media_url":"https:\/\/eldiariodesanpedro.com.ar\/sitio\/wp-content\/uploads\/2019\/01\/festival-baradero-1.jpg","jetpack_shortlink":"https:\/\/wp.me\/p6RhLt-bWF","jetpack_sharing_enabled":true,"_links":{"self":[{"href":"https:\/\/eldiariodesanpedro.com.ar\/sitio\/wp-json\/wp\/v2\/posts\/45921","targetHints":{"allow":["GET"]}}],"collection":[{"href":"https:\/\/eldiariodesanpedro.com.ar\/sitio\/wp-json\/wp\/v2\/posts"}],"about":[{"href":"https:\/\/eldiariodesanpedro.com.ar\/sitio\/wp-json\/wp\/v2\/types\/post"}],"author":[{"embeddable":true,"href":"https:\/\/eldiariodesanpedro.com.ar\/sitio\/wp-json\/wp\/v2\/users\/4"}],"replies":[{"embeddable":true,"href":"https:\/\/eldiariodesanpedro.com.ar\/sitio\/wp-json\/wp\/v2\/comments?post=45921"}],"version-history":[{"count":1,"href":"https:\/\/eldiariodesanpedro.com.ar\/sitio\/wp-json\/wp\/v2\/posts\/45921\/revisions"}],"predecessor-version":[{"id":45924,"href":"https:\/\/eldiariodesanpedro.com.ar\/sitio\/wp-json\/wp\/v2\/posts\/45921\/revisions\/45924"}],"wp:featuredmedia":[{"embeddable":true,"href":"https:\/\/eldiariodesanpedro.com.ar\/sitio\/wp-json\/wp\/v2\/media\/45923"}],"wp:attachment":[{"href":"https:\/\/eldiariodesanpedro.com.ar\/sitio\/wp-json\/wp\/v2\/media?parent=45921"}],"wp:term":[{"taxonomy":"category","embeddable":true,"href":"https:\/\/eldiariodesanpedro.com.ar\/sitio\/wp-json\/wp\/v2\/categories?post=45921"},{"taxonomy":"post_tag","embeddable":true,"href":"https:\/\/eldiariodesanpedro.com.ar\/sitio\/wp-json\/wp\/v2\/tags?post=45921"}],"curies":[{"name":"wp","href":"https:\/\/api.w.org\/{rel}","templated":true}]}}