{"id":45909,"date":"2019-01-14T08:47:57","date_gmt":"2019-01-14T11:47:57","guid":{"rendered":"https:\/\/eldiariodesanpedro.com.ar\/sitio\/?p=45909"},"modified":"2019-01-14T08:51:15","modified_gmt":"2019-01-14T11:51:15","slug":"museo-paleontologico-descubren-parte-de-un-tridente-de-pesca-antiguo","status":"publish","type":"post","link":"https:\/\/eldiariodesanpedro.com.ar\/sitio\/museo-paleontologico-descubren-parte-de-un-tridente-de-pesca-antiguo\/","title":{"rendered":"Museo Paleontol\u00f3gico: Descubren parte de un Tridente de pesca antiguo"},"content":{"rendered":"<!-- VideographyWP Plugin Message: Automatic video embedding prevented by plugin options. -->\n\n<p><strong><em>Carlos Alberto Ram\u00edrez<\/em><\/strong>\nrecorr\u00eda la orilla del riacho en cercan\u00edas de Papel Prensa, cuando observ\u00f3 que\nen un peque\u00f1o desmoronamiento de la barranca costera, afloraba un <strong><em>objeto\nmet\u00e1lico muy corro\u00eddo por el paso del tiempo<\/em><\/strong>.<\/p>\n\n\n\n<p>Con mucho cuidado, logr\u00f3 extraerlo del\nsedimento y pudo observar que ese hierro pose\u00eda una punta afilada, de forma\ntriangular.<\/p>\n\n\n\n<p>Pocos d\u00edas despu\u00e9s, lo acerc\u00f3 al Museo\nPaleontol\u00f3gico de San Pedro poni\u00e9ndolo a disposici\u00f3n del Grupo\nConservacionista, interesado por conocer m\u00e1s de aquella pieza.<\/p>\n\n\n\n<p>El objeto mide 29 cm de longitud y en uno de\nsus extremos termina en una punta triangular, plana y afilada, trabajada a\ngolpes de forja cuando el metal a\u00fan estaba caliente. Est\u00e1 muy corro\u00eddo por el\npaso del tiempo pero a\u00fan conserva su forma y el filo de su punta. Sin dudas, se\ntrata de un elemento construido para ser lanzado manualmente.<\/p>\n\n\n\n<p>Las observaciones realizadas por el equipo del Museo llevaron a determinar que el hierro <strong><em>fue parte de un tridente de pesca antiguo utilizado en la zona para clavar peces en sectores de aguas poco profundas, arroj\u00e1ndolo desde peque\u00f1as embarcaciones como canoas o \u201cguigues\u201d.<\/em><\/strong> <\/p>\n\n\n\n<ul class=\"wp-block-gallery columns-1 is-cropped wp-block-gallery-1 is-layout-flex wp-block-gallery-is-layout-flex\"><li class=\"blocks-gallery-item\"><figure><img decoding=\"async\" width=\"1024\" height=\"447\" data-attachment-id=\"45911\" data-permalink=\"https:\/\/eldiariodesanpedro.com.ar\/sitio\/museo-paleontologico-descubren-parte-de-un-tridente-de-pesca-antiguo\/tridente-dibujo\/\" data-orig-file=\"https:\/\/eldiariodesanpedro.com.ar\/sitio\/wp-content\/uploads\/2019\/01\/Tridente-Dibujo.jpg\" data-orig-size=\"1972,860\" data-comments-opened=\"1\" data-image-meta=\"{&quot;aperture&quot;:&quot;2&quot;,&quot;credit&quot;:&quot;&quot;,&quot;camera&quot;:&quot;LG-X230&quot;,&quot;caption&quot;:&quot;&quot;,&quot;created_timestamp&quot;:&quot;1546190447&quot;,&quot;copyright&quot;:&quot;&quot;,&quot;focal_length&quot;:&quot;3.5&quot;,&quot;iso&quot;:&quot;134&quot;,&quot;shutter_speed&quot;:&quot;0.059998&quot;,&quot;title&quot;:&quot;&quot;,&quot;orientation&quot;:&quot;1&quot;}\" data-image-title=\"Tridente-Dibujo\" data-image-description=\"\" data-image-caption=\"\" data-large-file=\"https:\/\/eldiariodesanpedro.com.ar\/sitio\/wp-content\/uploads\/2019\/01\/Tridente-Dibujo-1024x447.jpg\" data-src=\"https:\/\/eldiariodesanpedro.com.ar\/sitio\/wp-content\/uploads\/2019\/01\/Tridente-Dibujo-1024x447.jpg\" alt=\"\" data-id=\"45911\" data-link=\"https:\/\/eldiariodesanpedro.com.ar\/sitio\/?attachment_id=45911\" class=\"wp-image-45911 lazyload\" data-srcset=\"https:\/\/eldiariodesanpedro.com.ar\/sitio\/wp-content\/uploads\/2019\/01\/Tridente-Dibujo-1024x447.jpg 1024w, https:\/\/eldiariodesanpedro.com.ar\/sitio\/wp-content\/uploads\/2019\/01\/Tridente-Dibujo-300x131.jpg 300w, https:\/\/eldiariodesanpedro.com.ar\/sitio\/wp-content\/uploads\/2019\/01\/Tridente-Dibujo-768x335.jpg 768w, https:\/\/eldiariodesanpedro.com.ar\/sitio\/wp-content\/uploads\/2019\/01\/Tridente-Dibujo.jpg 1972w\" data-sizes=\"(max-width: 1024px) 100vw, 1024px\" src=\"data:image\/svg+xml;base64,PHN2ZyB3aWR0aD0iMSIgaGVpZ2h0PSIxIiB4bWxucz0iaHR0cDovL3d3dy53My5vcmcvMjAwMC9zdmciPjwvc3ZnPg==\" style=\"--smush-placeholder-width: 1024px; --smush-placeholder-aspect-ratio: 1024\/447;\" \/><\/figure><\/li><\/ul>\n\n\n\n<p> Estos tridentes se utilizan en la pesca desde tiempos remotos y el origen de su nombre proviene del lat\u00edn \u201c<em>tridentis<\/em>\u201d, que significa \u201c<em>tres dientes<\/em>\u201d, justamente por las tres puntas que pose\u00edan. El arma de  pesca se completaba con un mango largo, que,\npor lo general, era una vara de madera o una ca\u00f1a larga.<\/p>\n\n\n\n<p>Actualmente, se han llegado a desarrollar\nfusiles que arrojan tridentes cortos utilizados en pesca deportiva subacu\u00e1tica.<\/p>\n\n\n\n<p>Estos objetos, usualmente se asocian a la\nimagen de Poseid\u00f3n, el dios del mar en la mitolog\u00eda griega, quien aparece\nportando un tridente en todas sus representaciones.<\/p>\n\n\n\n<p>Estos objetos son similares\na los arpones de pesca pero el hecho de tener tres dientes, aumenta las chances\nde capturar mejor a las presas.<\/p>\n\n\n\n<p>En nuestra zona se han utilizado, desde siempre, dos tipos de herramientas arrojadizas vinculadas a la pesca: el tradicional arp\u00f3n de una sola punta y los tridentes. Principalmente se usan en la pesca de s\u00e1balos cuando \u00e9stos ingresan a zonas bajas inundadas durante crecientes importantes del r\u00edo Paran\u00e1.<\/p>\n\n\n\n<figure class=\"wp-block-image\"><img decoding=\"async\" width=\"1024\" height=\"373\" data-attachment-id=\"45910\" data-permalink=\"https:\/\/eldiariodesanpedro.com.ar\/sitio\/museo-paleontologico-descubren-parte-de-un-tridente-de-pesca-antiguo\/img_20181230_200703_480\/\" data-orig-file=\"https:\/\/eldiariodesanpedro.com.ar\/sitio\/wp-content\/uploads\/2019\/01\/IMG_20181230_200703_480.jpg\" data-orig-size=\"1627,592\" data-comments-opened=\"1\" data-image-meta=\"{&quot;aperture&quot;:&quot;2&quot;,&quot;credit&quot;:&quot;&quot;,&quot;camera&quot;:&quot;LG-X230&quot;,&quot;caption&quot;:&quot;&quot;,&quot;created_timestamp&quot;:&quot;1546190447&quot;,&quot;copyright&quot;:&quot;&quot;,&quot;focal_length&quot;:&quot;3.5&quot;,&quot;iso&quot;:&quot;134&quot;,&quot;shutter_speed&quot;:&quot;0.059998&quot;,&quot;title&quot;:&quot;&quot;,&quot;orientation&quot;:&quot;1&quot;}\" data-image-title=\"IMG_20181230_200703_480\" data-image-description=\"\" data-image-caption=\"\" data-large-file=\"https:\/\/eldiariodesanpedro.com.ar\/sitio\/wp-content\/uploads\/2019\/01\/IMG_20181230_200703_480-1024x373.jpg\" data-src=\"https:\/\/eldiariodesanpedro.com.ar\/sitio\/wp-content\/uploads\/2019\/01\/IMG_20181230_200703_480-1024x373.jpg\" alt=\"\" class=\"wp-image-45910 lazyload\" data-srcset=\"https:\/\/eldiariodesanpedro.com.ar\/sitio\/wp-content\/uploads\/2019\/01\/IMG_20181230_200703_480-1024x373.jpg 1024w, https:\/\/eldiariodesanpedro.com.ar\/sitio\/wp-content\/uploads\/2019\/01\/IMG_20181230_200703_480-300x109.jpg 300w, https:\/\/eldiariodesanpedro.com.ar\/sitio\/wp-content\/uploads\/2019\/01\/IMG_20181230_200703_480-768x279.jpg 768w, https:\/\/eldiariodesanpedro.com.ar\/sitio\/wp-content\/uploads\/2019\/01\/IMG_20181230_200703_480.jpg 1627w\" data-sizes=\"(max-width: 1024px) 100vw, 1024px\" src=\"data:image\/svg+xml;base64,PHN2ZyB3aWR0aD0iMSIgaGVpZ2h0PSIxIiB4bWxucz0iaHR0cDovL3d3dy53My5vcmcvMjAwMC9zdmciPjwvc3ZnPg==\" style=\"--smush-placeholder-width: 1024px; --smush-placeholder-aspect-ratio: 1024\/373;\" \/><\/figure>\n\n\n\n<p>Si bien no se sabe la antig\u00fcedad exacta, su aspecto podr\u00eda situarlo a fines del siglo XIX o principios del XX. Desde el Grupo Conservacionista se agradece al Se\u00f1or Carlos Ram\u00edrez por acercar la pieza para su determinaci\u00f3n y resguardo.<\/p>\n\n\n\n<p><\/p>\n\n\n","protected":false},"excerpt":{"rendered":"<p>Carlos Alberto Ram\u00edrez recorr\u00eda la orilla del riacho en cercan\u00edas de Papel Prensa, cuando observ\u00f3 que en un peque\u00f1o desmoronamiento de la barranca costera, afloraba un objeto met\u00e1lico muy corro\u00eddo por el paso del tiempo. Con mucho cuidado, logr\u00f3 extraerlo del sedimento y pudo observar que ese hierro pose\u00eda una punta afilada, de forma triangular. [&hellip;]<\/p>\n","protected":false},"author":4,"featured_media":45910,"comment_status":"open","ping_status":"closed","sticky":false,"template":"","format":"standard","meta":{"om_disable_all_campaigns":false,"_jetpack_memberships_contains_paid_content":false,"footnotes":""},"categories":[50,101,2],"tags":[],"class_list":["post-45909","post","type-post","status-publish","format-standard","has-post-thumbnail","hentry","category-destacadas","category-interes-general-locales","category-locales"],"aioseo_notices":[],"gutentor_comment":0,"jetpack_featured_media_url":"https:\/\/eldiariodesanpedro.com.ar\/sitio\/wp-content\/uploads\/2019\/01\/IMG_20181230_200703_480.jpg","jetpack_shortlink":"https:\/\/wp.me\/p6RhLt-bWt","jetpack_sharing_enabled":true,"_links":{"self":[{"href":"https:\/\/eldiariodesanpedro.com.ar\/sitio\/wp-json\/wp\/v2\/posts\/45909","targetHints":{"allow":["GET"]}}],"collection":[{"href":"https:\/\/eldiariodesanpedro.com.ar\/sitio\/wp-json\/wp\/v2\/posts"}],"about":[{"href":"https:\/\/eldiariodesanpedro.com.ar\/sitio\/wp-json\/wp\/v2\/types\/post"}],"author":[{"embeddable":true,"href":"https:\/\/eldiariodesanpedro.com.ar\/sitio\/wp-json\/wp\/v2\/users\/4"}],"replies":[{"embeddable":true,"href":"https:\/\/eldiariodesanpedro.com.ar\/sitio\/wp-json\/wp\/v2\/comments?post=45909"}],"version-history":[{"count":1,"href":"https:\/\/eldiariodesanpedro.com.ar\/sitio\/wp-json\/wp\/v2\/posts\/45909\/revisions"}],"predecessor-version":[{"id":45913,"href":"https:\/\/eldiariodesanpedro.com.ar\/sitio\/wp-json\/wp\/v2\/posts\/45909\/revisions\/45913"}],"wp:featuredmedia":[{"embeddable":true,"href":"https:\/\/eldiariodesanpedro.com.ar\/sitio\/wp-json\/wp\/v2\/media\/45910"}],"wp:attachment":[{"href":"https:\/\/eldiariodesanpedro.com.ar\/sitio\/wp-json\/wp\/v2\/media?parent=45909"}],"wp:term":[{"taxonomy":"category","embeddable":true,"href":"https:\/\/eldiariodesanpedro.com.ar\/sitio\/wp-json\/wp\/v2\/categories?post=45909"},{"taxonomy":"post_tag","embeddable":true,"href":"https:\/\/eldiariodesanpedro.com.ar\/sitio\/wp-json\/wp\/v2\/tags?post=45909"}],"curies":[{"name":"wp","href":"https:\/\/api.w.org\/{rel}","templated":true}]}}