{"id":45905,"date":"2019-01-14T08:32:16","date_gmt":"2019-01-14T11:32:16","guid":{"rendered":"https:\/\/eldiariodesanpedro.com.ar\/sitio\/?p=45905"},"modified":"2019-01-14T09:06:51","modified_gmt":"2019-01-14T12:06:51","slug":"accidente-fatal-un-motociclista-murio-al-chocar-contra-un-arbol","status":"publish","type":"post","link":"https:\/\/eldiariodesanpedro.com.ar\/sitio\/accidente-fatal-un-motociclista-murio-al-chocar-contra-un-arbol\/","title":{"rendered":"Accidente fatal: Un motociclista muri\u00f3 al chocar contra un \u00e1rbol"},"content":{"rendered":"<!-- VideographyWP Plugin Message: Automatic video embedding prevented by plugin options. -->\n\n<p>El siniestro fatal se produjo esta ma\u00f1ana, alrededor de las 7 horas, el motociclista circulaba solo y se incrusto contra un \u00e1rbol.<\/p>\n\n\n\n<p>Sucedi\u00f3 sobre Rota 191, km 5 cuando un hombre de 30 a\u00f1os de edad que circulaba en una Guerrero 150 cc,  muri\u00f3 al impactar contra un \u00e1rbol.<\/p>\n\n\n\n<p>Polic\u00eda cient\u00edfica, auxiliar de fiscalia y personal policial trabajan en el lugar.<\/p>\n\n\n\n<p>Por lo que se pudo averiguar en el lugar, un testigo afirmo lo que se pensaba,  la victima circulaba solo, a alta velocidad, y por causas que se van a tratar de establecer se incrusto contra el \u00e1rbol, a mano contraria. <\/p>\n\n\n\n<p>La Fiscalia N\u00ba5 del  Dr Manso, quien realizo las investigaciones en el lugar brindo detalles de su deseso: <br>\u00abLa v\u00edctima circulaba en direcci\u00f3n a San Pedro con el casco reglamentario colocado y por causas que todav\u00eda se desconocen choc\u00f3 contra la planta ubicada a la vera de la arteria y muri\u00f3 en el acto\u00bb. <\/p>\n\n\n\n<p>  <br>Se intenta establecer si fue a causa de un desperfecto mec\u00e1nico o estado de salud del conductor.   <\/p>\n\n\n\n<p>  <br>La victima fue identificada como Diego Matias Aguiar de 30 a\u00f1os. <\/p>\n\n\n\n<p><\/p>\n","protected":false},"excerpt":{"rendered":"<p>El siniestro fatal se produjo esta ma\u00f1ana, alrededor de las 7 horas, el motociclista circulaba solo y se incrusto contra un \u00e1rbol. Sucedi\u00f3 sobre Rota 191, km 5 cuando un hombre de 30 a\u00f1os de edad que circulaba en una Guerrero 150 cc, muri\u00f3 al impactar contra un \u00e1rbol. Polic\u00eda cient\u00edfica, auxiliar de fiscalia y [&hellip;]<\/p>\n","protected":false},"author":4,"featured_media":45906,"comment_status":"open","ping_status":"closed","sticky":false,"template":"","format":"standard","meta":{"om_disable_all_campaigns":false,"_jetpack_memberships_contains_paid_content":false,"footnotes":""},"categories":[50,2,103],"tags":[],"class_list":["post-45905","post","type-post","status-publish","format-standard","has-post-thumbnail","hentry","category-destacadas","category-locales","category-policiales-locales"],"aioseo_notices":[],"gutentor_comment":0,"jetpack_featured_media_url":"https:\/\/eldiariodesanpedro.com.ar\/sitio\/wp-content\/uploads\/2019\/01\/WhatsApp-Image-2019-01-14-at-08.04.28.jpeg","jetpack_shortlink":"https:\/\/wp.me\/p6RhLt-bWp","jetpack_sharing_enabled":true,"_links":{"self":[{"href":"https:\/\/eldiariodesanpedro.com.ar\/sitio\/wp-json\/wp\/v2\/posts\/45905","targetHints":{"allow":["GET"]}}],"collection":[{"href":"https:\/\/eldiariodesanpedro.com.ar\/sitio\/wp-json\/wp\/v2\/posts"}],"about":[{"href":"https:\/\/eldiariodesanpedro.com.ar\/sitio\/wp-json\/wp\/v2\/types\/post"}],"author":[{"embeddable":true,"href":"https:\/\/eldiariodesanpedro.com.ar\/sitio\/wp-json\/wp\/v2\/users\/4"}],"replies":[{"embeddable":true,"href":"https:\/\/eldiariodesanpedro.com.ar\/sitio\/wp-json\/wp\/v2\/comments?post=45905"}],"version-history":[{"count":3,"href":"https:\/\/eldiariodesanpedro.com.ar\/sitio\/wp-json\/wp\/v2\/posts\/45905\/revisions"}],"predecessor-version":[{"id":45920,"href":"https:\/\/eldiariodesanpedro.com.ar\/sitio\/wp-json\/wp\/v2\/posts\/45905\/revisions\/45920"}],"wp:featuredmedia":[{"embeddable":true,"href":"https:\/\/eldiariodesanpedro.com.ar\/sitio\/wp-json\/wp\/v2\/media\/45906"}],"wp:attachment":[{"href":"https:\/\/eldiariodesanpedro.com.ar\/sitio\/wp-json\/wp\/v2\/media?parent=45905"}],"wp:term":[{"taxonomy":"category","embeddable":true,"href":"https:\/\/eldiariodesanpedro.com.ar\/sitio\/wp-json\/wp\/v2\/categories?post=45905"},{"taxonomy":"post_tag","embeddable":true,"href":"https:\/\/eldiariodesanpedro.com.ar\/sitio\/wp-json\/wp\/v2\/tags?post=45905"}],"curies":[{"name":"wp","href":"https:\/\/api.w.org\/{rel}","templated":true}]}}