{"id":45902,"date":"2019-01-13T16:07:09","date_gmt":"2019-01-13T19:07:09","guid":{"rendered":"https:\/\/eldiariodesanpedro.com.ar\/sitio\/?p=45902"},"modified":"2019-01-13T16:07:15","modified_gmt":"2019-01-13T19:07:15","slug":"zarate-el-cura-de-lima-admitio-su-relacion-amorosa-con-la-docente-fallecida","status":"publish","type":"post","link":"https:\/\/eldiariodesanpedro.com.ar\/sitio\/zarate-el-cura-de-lima-admitio-su-relacion-amorosa-con-la-docente-fallecida\/","title":{"rendered":"Z\u00c1RATE: El cura de Lima admiti\u00f3 su relaci\u00f3n amorosa con la docente fallecida"},"content":{"rendered":"<!-- VideographyWP Plugin Message: Automatic video embedding prevented by plugin options. -->\n\n<p> Carlos Scarlata, el cura sospechado de no auxiliar a Valeria Cornejo a partir de un \u201ccoma diab\u00e9tico\u201d que deriv\u00f3 en su muerte en octubre del a\u00f1o pasado, reconoci\u00f3 ante el fiscal Javier Giaroli que manten\u00eda una relaci\u00f3n sentimental con la docente y que el 18 de octubre viaj\u00f3 a San Rafael para \u201cpasar unos d\u00edas\u201d con ella. <\/p>\n\n\n\n<p>El sacerdote se present\u00f3 ayer en tribunales, acompa\u00f1ado por el defensor oficial Jorge Vitale. Sin rodeos, le admiti\u00f3 a Giaroli que manten\u00eda una relaci\u00f3n con Valeria desde hace varios a\u00f1os y que hab\u00edan pactado un encuentro entre el 18 y 22 de octubre de 2018. Fue por eso que el religioso le manifest\u00f3 al fiscal que hab\u00eda viajado desde Buenos Aires hasta nuestro departamento y que incluso Valeria le hab\u00eda dicho a su padre que \u2013durante ese lapso\u2013 viajaba a la Ciudad de Mendoza. Solo su amiga y confidente sab\u00eda del encuentro con Scarlata.<\/p>\n\n\n\n<p>Scarlata le cont\u00f3 a Giaroli que \u00e9l pagaba el alquiler de la casa de calle Los Dos \u00c1lamos e incluso que hab\u00eda buscado una zona alejada y sin vecinos para evitar que hubiera testigos de dicha relaci\u00f3n. Scarlata declar\u00f3, durante las dos horas en las que estuvo ante el fiscal, que mientras se dirig\u00eda caminando a la casa de Valeria, se cruz\u00f3 con el padre de la mujer y que le dio la espalda. Esa confesi\u00f3n deja mal parado al cura, ya que si sab\u00eda de la posible descompensaci\u00f3n de Cornejo, tuvo la posibilidad de comentarle al padre de esa situaci\u00f3n y no lo hizo.<\/p>\n\n\n\n<p>Despu\u00e9s de escuchar a Scarlata, Giaroli mantiene firme su sospecha de que existi\u00f3 \u2013al menos\u2013 una omisi\u00f3n de auxilio. En la causa ser\u00e1 clave la pericia sobre el celular de la docente fallecida y el an\u00e1lisis del tel\u00e9fono de Scarlata, quien debi\u00f3 entregarlo el jueves, un d\u00eda antes de declarar. El sacerdote se deshizo de todo el contenido que pod\u00eda comprometerlo, seg\u00fan pudo saber este diario. Sin embargo, existen otras pruebas aportadas por la amiga de Valeria Cornejo que exponen la conducta del sacerdote.<\/p>\n\n\n\n<p>En ese escenario, se cree que \u2013a pesar de haber sabido de la complicaci\u00f3n de salud que padec\u00eda Cornejo\u2013 Scarlata se retir\u00f3 de nuestro departamento sin reportar lo que estaba sucediendo con la joven, ni al 911 ni a la amiga que sab\u00eda de la relaci\u00f3n, y a la que reci\u00e9n le expuso lo sucedido despu\u00e9s de conocida la muerte de Cornejo.<\/p>\n\n\n\n<p>Scarlata era la \u00fanica que persona que pod\u00eda asistir a Valeria o, al menos, avisar de la situaci\u00f3n que estaba atravesando la mujer y que despu\u00e9s le cost\u00f3 la vida. La docente padec\u00eda diabetes y lupus y, de acuerdo con pruebas que han sido incorporadas a la causa, Scarlata sab\u00eda que su amante hab\u00eda sufrido un \u201ccoma diab\u00e9tico\u201d, lo que no comunic\u00f3 en su arribo a San Rafael y reci\u00e9n lo hizo cuando supo que Valeria hab\u00eda fallecido.<\/p>\n\n\n\n<p>La necropsia practicada en el Cuerpo M\u00e9dico Forense determin\u00f3 que Cornejo sufri\u00f3 una hipoglucemia. No se sabe, a ciencia cierta, cu\u00e1ndo se produjo el deceso, dato que pone entre las cuerdas a Scarlata y a la aseveraci\u00f3n, por parte de la amiga de Valeria, la denunciante, respecto a que pudo haberla auxiliado y no lo hizo para mantener oculta la relaci\u00f3n amorosa que los un\u00eda.<\/p>\n\n\n\n<p><strong>El costo penal<\/strong><\/p>\n\n\n\n<p>Carlos Scarlata no ir\u00e1 preso por su conducta frente a la situaci\u00f3n que padeci\u00f3 Valeria Cornejo, tampoco ha sido imputado por el delito \u201comisi\u00f3n de auxilio\u201d, que prev\u00e9 una leve sanci\u00f3n econ\u00f3mica: multa que va de los 750 a 12.000 pesos. Sin embargo, seguir\u00e1 ligado a la investigaci\u00f3n que lleva adelante Giaroli, en la que ser\u00e1 clave el examen al tel\u00e9fono celular de Valeria Cornejo.<br>En principio, el cura permanecer\u00e1 en San Rafael hasta el 18 de enero, mientras avanza el proceso penal en la Fiscal\u00eda de Instrucci\u00f3n N\u00ba 2.<\/p>\n\n\n\n<p><strong>El costo religioso<\/strong><\/p>\n\n\n\n<p>Adem\u00e1s del proceso penal por el que tuvo que declarar ante el fiscal Javier Giaroli, despu\u00e9s de haber admitido su relaci\u00f3n con la docente Valeria Cornejo, el sacerdote Scarlata ahora deber\u00e1 responder ante la Iglesia por haber incumplido con una de sus obligaciones.<\/p>\n\n\n\n<p>El C\u00f3digo de Derecho Can\u00f3nico establece, en su art\u00edculo 277, que \u201clos cl\u00e9rigos est\u00e1n obligados a observar una continencia perfecta y perpetua por el Reino de los cielos y, por tanto, quedan sujetos a guardar el celibato, que es un don peculiar de Dios mediante el cual los ministros sagrados pueden unirse m\u00e1s f\u00e1cilmente a Cristo con un coraz\u00f3n entero y dedicarse con mayor libertad al servicio de Dios y de los hombres\u201d.<\/p>\n\n\n\n<p>En el segundo apartado del mismo art\u00edculo, indica que \u201clos cl\u00e9rigos han de tener la debida prudencia en relaci\u00f3n con aquellas personas cuyo trato puede poner en peligro su obligaci\u00f3n de guardar la continencia o ser causa de esc\u00e1ndalo para los fieles\u201d.<\/p>\n\n\n\n<p>Y finalmente se\u00f1ala que \u201ccorresponde al Obispo diocesano establecer normas m\u00e1s concretas sobre esta materia y emitir un juicio en casos particulares sobre el cumplimiento de esta obligaci\u00f3n\u201d.<br>Dentro de las sanciones previstas por el Derecho Can\u00f3nico se encuentran el entredicho, que es la censura eclesi\u00e1stica que proh\u00edbe el uso de bienes espirituales, la excomuni\u00f3n, censura o pena medicinal por la que se excluye, al implicado en alg\u00fan delito, de la comuni\u00f3n con la Iglesia y\/o la suspensi\u00f3n, que es la censura por la cual se proh\u00edbe a un cl\u00e9rigo, conservando su estado clerical, realizar las actividades propias de su condici\u00f3n, potestad u oficio. No afecta por tanto a la recepci\u00f3n de los sacramentos, sino al ejercicio del ministerio o el oficio.<\/p>\n\n\n\n<p>Fuente: Diario San Rafael<\/p>\n","protected":false},"excerpt":{"rendered":"<p>Carlos Scarlata, el cura sospechado de no auxiliar a Valeria Cornejo a partir de un \u201ccoma diab\u00e9tico\u201d que deriv\u00f3 en su muerte en octubre del a\u00f1o pasado, reconoci\u00f3 ante el fiscal Javier Giaroli que manten\u00eda una relaci\u00f3n sentimental con la docente y que el 18 de octubre viaj\u00f3 a San Rafael para \u201cpasar unos d\u00edas\u201d [&hellip;]<\/p>\n","protected":false},"author":4,"featured_media":45816,"comment_status":"open","ping_status":"closed","sticky":false,"template":"","format":"standard","meta":{"om_disable_all_campaigns":false,"_jetpack_memberships_contains_paid_content":false,"footnotes":""},"categories":[621],"tags":[],"class_list":["post-45902","post","type-post","status-publish","format-standard","has-post-thumbnail","hentry","category-regionales"],"aioseo_notices":[],"gutentor_comment":0,"jetpack_featured_media_url":"https:\/\/eldiariodesanpedro.com.ar\/sitio\/wp-content\/uploads\/2019\/01\/2019-01-11.png","jetpack_shortlink":"https:\/\/wp.me\/p6RhLt-bWm","jetpack_sharing_enabled":true,"_links":{"self":[{"href":"https:\/\/eldiariodesanpedro.com.ar\/sitio\/wp-json\/wp\/v2\/posts\/45902","targetHints":{"allow":["GET"]}}],"collection":[{"href":"https:\/\/eldiariodesanpedro.com.ar\/sitio\/wp-json\/wp\/v2\/posts"}],"about":[{"href":"https:\/\/eldiariodesanpedro.com.ar\/sitio\/wp-json\/wp\/v2\/types\/post"}],"author":[{"embeddable":true,"href":"https:\/\/eldiariodesanpedro.com.ar\/sitio\/wp-json\/wp\/v2\/users\/4"}],"replies":[{"embeddable":true,"href":"https:\/\/eldiariodesanpedro.com.ar\/sitio\/wp-json\/wp\/v2\/comments?post=45902"}],"version-history":[{"count":1,"href":"https:\/\/eldiariodesanpedro.com.ar\/sitio\/wp-json\/wp\/v2\/posts\/45902\/revisions"}],"predecessor-version":[{"id":45903,"href":"https:\/\/eldiariodesanpedro.com.ar\/sitio\/wp-json\/wp\/v2\/posts\/45902\/revisions\/45903"}],"wp:featuredmedia":[{"embeddable":true,"href":"https:\/\/eldiariodesanpedro.com.ar\/sitio\/wp-json\/wp\/v2\/media\/45816"}],"wp:attachment":[{"href":"https:\/\/eldiariodesanpedro.com.ar\/sitio\/wp-json\/wp\/v2\/media?parent=45902"}],"wp:term":[{"taxonomy":"category","embeddable":true,"href":"https:\/\/eldiariodesanpedro.com.ar\/sitio\/wp-json\/wp\/v2\/categories?post=45902"},{"taxonomy":"post_tag","embeddable":true,"href":"https:\/\/eldiariodesanpedro.com.ar\/sitio\/wp-json\/wp\/v2\/tags?post=45902"}],"curies":[{"name":"wp","href":"https:\/\/api.w.org\/{rel}","templated":true}]}}