{"id":45899,"date":"2019-01-13T16:04:43","date_gmt":"2019-01-13T19:04:43","guid":{"rendered":"https:\/\/eldiariodesanpedro.com.ar\/sitio\/?p=45899"},"modified":"2019-01-13T16:04:53","modified_gmt":"2019-01-13T19:04:53","slug":"san-nicolas-secuestran-un-arsenal-de-zona-norte","status":"publish","type":"post","link":"https:\/\/eldiariodesanpedro.com.ar\/sitio\/san-nicolas-secuestran-un-arsenal-de-zona-norte\/","title":{"rendered":"SAN NICOL\u00c1S: Secuestran un arsenal de zona norte"},"content":{"rendered":"<!-- VideographyWP Plugin Message: Automatic video embedding prevented by plugin options. -->\n\n<p>Durante el curso de una investigaci\u00f3n de un hecho caratulado \u201cAmenazas agravadas\u201d, que fue denunciado por una mujer de 30 a\u00f1os, en sede de la Fiscal\u00eda N\u00b0 3, personal del Gabinete de Prevenci\u00f3n de la Comisar\u00eda Tercera realiz\u00f3 las averiguaciones correspondientes y tras arduas tareas de campo e investigativas pudieron establecer la autor\u00eda del imputado, quien ser\u00eda part\u00edcipe necesario para conformar una banda delictiva con fines de cometer il\u00edcitos con armas de fuego juntamente con otros individuos. El mismo, seg\u00fan lo investigado, prove\u00eda de armas y municiones a otros malvivientes, pertenecientes \u00e9stos a la conocida banda de \u201cCanteros\u201d, de barrio Parque Norte, quienes tiempo atr\u00e1s participaron en varias problem\u00e1ticas de enfrentamiento con armas de fuego entre bandas.<br>Por estos hechos ya el pasado mes de noviembre hubo allanamientos, logrando el secuestro de otras armas. La lucha entre estas dos bandas tiene a maltraer a los vecinos de zona norte, que en varias ocasiones se vieron en medio del fuego cruzado. En virtud a lo investigado, los agentes intervinientes elevaron la carpeta de trabajo a la Fiscal\u00eda N\u00b0 3, a cargo de la doctora Mar\u00eda Bel\u00e9n Ba\u00f1os, con intervenci\u00f3n del Juzgado de Garant\u00edas 2, a cargo del Dr. Ricardo Luis Pratti, de este departamento judicial, quienes libraron las \u00f3rdenes de allanamiento.<\/p>\n\n\n\n<p><strong>Lo que se encontr\u00f3<\/strong><\/p>\n\n\n\n<p>En el lugar se secuestr\u00f3 un arma de fuego del tipo pistola, calibre 9 mm, marca Taurus, con su cargador, once cartuchos 9 mm; un arma de fuego del tipo pistola, calibre 22 mm, cromada, marca visible Bersa, un arma tipo pistola, calibre 3,80 mm, sin marca visible, con numeraci\u00f3n limada, con su correspondiente cargador; un arma tipo pistola, calibre 32,5 mm, con numeraci\u00f3n suprimida y su correspondiente cargador, con cinco cartuchos intactos del mismo calibre; una escopeta de un solo ca\u00f1o, calibre 12\/70, semiautom\u00e1tica, de la marca Huglu, modelo 601; tres cajas de cartuchos, que conten\u00edan cada una 25 unidades, calibre 12\/70, marca Orbea, posta de guerra; una caja de cartuchos intactos calibre 22 mm, marca AO, que conten\u00edan 35 unidades; diez cartuchos intactos calibre 3,80 mm. Al momento de irrumpir no se encontraba el morador <\/p>\n\n\n\n<p>Fuente: Diario El Informante<\/p>\n","protected":false},"excerpt":{"rendered":"<p>Durante el curso de una investigaci\u00f3n de un hecho caratulado \u201cAmenazas agravadas\u201d, que fue denunciado por una mujer de 30 a\u00f1os, en sede de la Fiscal\u00eda N\u00b0 3, personal del Gabinete de Prevenci\u00f3n de la Comisar\u00eda Tercera realiz\u00f3 las averiguaciones correspondientes y tras arduas tareas de campo e investigativas pudieron establecer la autor\u00eda del imputado, [&hellip;]<\/p>\n","protected":false},"author":4,"featured_media":45900,"comment_status":"open","ping_status":"closed","sticky":false,"template":"","format":"standard","meta":{"om_disable_all_campaigns":false,"_jetpack_memberships_contains_paid_content":false,"footnotes":""},"categories":[621],"tags":[],"class_list":["post-45899","post","type-post","status-publish","format-standard","has-post-thumbnail","hentry","category-regionales"],"aioseo_notices":[],"gutentor_comment":0,"jetpack_featured_media_url":"https:\/\/eldiariodesanpedro.com.ar\/sitio\/wp-content\/uploads\/2019\/01\/0-2.jpg","jetpack_shortlink":"https:\/\/wp.me\/p6RhLt-bWj","jetpack_sharing_enabled":true,"_links":{"self":[{"href":"https:\/\/eldiariodesanpedro.com.ar\/sitio\/wp-json\/wp\/v2\/posts\/45899","targetHints":{"allow":["GET"]}}],"collection":[{"href":"https:\/\/eldiariodesanpedro.com.ar\/sitio\/wp-json\/wp\/v2\/posts"}],"about":[{"href":"https:\/\/eldiariodesanpedro.com.ar\/sitio\/wp-json\/wp\/v2\/types\/post"}],"author":[{"embeddable":true,"href":"https:\/\/eldiariodesanpedro.com.ar\/sitio\/wp-json\/wp\/v2\/users\/4"}],"replies":[{"embeddable":true,"href":"https:\/\/eldiariodesanpedro.com.ar\/sitio\/wp-json\/wp\/v2\/comments?post=45899"}],"version-history":[{"count":1,"href":"https:\/\/eldiariodesanpedro.com.ar\/sitio\/wp-json\/wp\/v2\/posts\/45899\/revisions"}],"predecessor-version":[{"id":45901,"href":"https:\/\/eldiariodesanpedro.com.ar\/sitio\/wp-json\/wp\/v2\/posts\/45899\/revisions\/45901"}],"wp:featuredmedia":[{"embeddable":true,"href":"https:\/\/eldiariodesanpedro.com.ar\/sitio\/wp-json\/wp\/v2\/media\/45900"}],"wp:attachment":[{"href":"https:\/\/eldiariodesanpedro.com.ar\/sitio\/wp-json\/wp\/v2\/media?parent=45899"}],"wp:term":[{"taxonomy":"category","embeddable":true,"href":"https:\/\/eldiariodesanpedro.com.ar\/sitio\/wp-json\/wp\/v2\/categories?post=45899"},{"taxonomy":"post_tag","embeddable":true,"href":"https:\/\/eldiariodesanpedro.com.ar\/sitio\/wp-json\/wp\/v2\/tags?post=45899"}],"curies":[{"name":"wp","href":"https:\/\/api.w.org\/{rel}","templated":true}]}}