{"id":45897,"date":"2019-01-13T15:54:32","date_gmt":"2019-01-13T18:54:32","guid":{"rendered":"https:\/\/eldiariodesanpedro.com.ar\/sitio\/?p=45897"},"modified":"2019-01-13T15:54:38","modified_gmt":"2019-01-13T18:54:38","slug":"una-mujer-lesionada-en-accidente-de-transito","status":"publish","type":"post","link":"https:\/\/eldiariodesanpedro.com.ar\/sitio\/una-mujer-lesionada-en-accidente-de-transito\/","title":{"rendered":"Una mujer lesionada en accidente de tr\u00e1nsito"},"content":{"rendered":"<!-- VideographyWP Plugin Message: Automatic video embedding prevented by plugin options. -->\n\n<p>Se registr\u00f3 una accidente de tr\u00e1nsito en la tarde del s\u00e1bado donde una motocicleta impact\u00f3 con un autom\u00f3vil.<\/p>\n\n\n\n<p>El pasado s\u00e1bado a las 18:15 hs personal interviene en accidente de tr\u00e1nsito en calle San Mart\u00edn al 1400 intersecci\u00f3n calle Thorne, donde por causas tratase de establecer colision\u00f3 un autom\u00f3vil Volkswagen Gol gris conducido por una ciudadana de 43 a\u00f1os, y motocicleta tipo 110 cc conducida por otra mujer de 47 a\u00f1os acompa\u00f1ada por su hija de 13 a\u00f1os. <\/p>\n\n\n\n<p>Como consecuencia del impacto fue trasladada la conductora del rodado mayor hasta nosocomio local, donde m\u00e9dico de guardia dictamina excoriaciones, lesiones de car\u00e1cter leves, obteniendo el alta m\u00e9dica a la brevedad, por su parte la conductora de moto y acompa\u00f1ante se retiran del lugar del hecho a pie bajo su consentimiento, resultando ser ilesa menor de edad y conductora con traumatismos que al parecer no pusieron en riesgo su vida .<\/p>\n\n\n\n<p>Mantenida comunicaci\u00f3n con fiscal\u00eda dispone recaudos, rodados secuestrados<br><\/p>\n","protected":false},"excerpt":{"rendered":"<p>Se registr\u00f3 una accidente de tr\u00e1nsito en la tarde del s\u00e1bado donde una motocicleta impact\u00f3 con un autom\u00f3vil. El pasado s\u00e1bado a las 18:15 hs personal interviene en accidente de tr\u00e1nsito en calle San Mart\u00edn al 1400 intersecci\u00f3n calle Thorne, donde por causas tratase de establecer colision\u00f3 un autom\u00f3vil Volkswagen Gol gris conducido por una [&hellip;]<\/p>\n","protected":false},"author":4,"featured_media":17705,"comment_status":"open","ping_status":"closed","sticky":false,"template":"","format":"standard","meta":{"om_disable_all_campaigns":false,"_jetpack_memberships_contains_paid_content":false,"footnotes":""},"categories":[2,103],"tags":[],"class_list":["post-45897","post","type-post","status-publish","format-standard","has-post-thumbnail","hentry","category-locales","category-policiales-locales"],"aioseo_notices":[],"gutentor_comment":0,"jetpack_featured_media_url":"https:\/\/eldiariodesanpedro.com.ar\/sitio\/wp-content\/uploads\/2017\/04\/transito-noche.jpg","jetpack_shortlink":"https:\/\/wp.me\/p6RhLt-bWh","jetpack_sharing_enabled":true,"_links":{"self":[{"href":"https:\/\/eldiariodesanpedro.com.ar\/sitio\/wp-json\/wp\/v2\/posts\/45897","targetHints":{"allow":["GET"]}}],"collection":[{"href":"https:\/\/eldiariodesanpedro.com.ar\/sitio\/wp-json\/wp\/v2\/posts"}],"about":[{"href":"https:\/\/eldiariodesanpedro.com.ar\/sitio\/wp-json\/wp\/v2\/types\/post"}],"author":[{"embeddable":true,"href":"https:\/\/eldiariodesanpedro.com.ar\/sitio\/wp-json\/wp\/v2\/users\/4"}],"replies":[{"embeddable":true,"href":"https:\/\/eldiariodesanpedro.com.ar\/sitio\/wp-json\/wp\/v2\/comments?post=45897"}],"version-history":[{"count":1,"href":"https:\/\/eldiariodesanpedro.com.ar\/sitio\/wp-json\/wp\/v2\/posts\/45897\/revisions"}],"predecessor-version":[{"id":45898,"href":"https:\/\/eldiariodesanpedro.com.ar\/sitio\/wp-json\/wp\/v2\/posts\/45897\/revisions\/45898"}],"wp:featuredmedia":[{"embeddable":true,"href":"https:\/\/eldiariodesanpedro.com.ar\/sitio\/wp-json\/wp\/v2\/media\/17705"}],"wp:attachment":[{"href":"https:\/\/eldiariodesanpedro.com.ar\/sitio\/wp-json\/wp\/v2\/media?parent=45897"}],"wp:term":[{"taxonomy":"category","embeddable":true,"href":"https:\/\/eldiariodesanpedro.com.ar\/sitio\/wp-json\/wp\/v2\/categories?post=45897"},{"taxonomy":"post_tag","embeddable":true,"href":"https:\/\/eldiariodesanpedro.com.ar\/sitio\/wp-json\/wp\/v2\/tags?post=45897"}],"curies":[{"name":"wp","href":"https:\/\/api.w.org\/{rel}","templated":true}]}}