{"id":45895,"date":"2019-01-13T15:51:53","date_gmt":"2019-01-13T18:51:53","guid":{"rendered":"https:\/\/eldiariodesanpedro.com.ar\/sitio\/?p=45895"},"modified":"2019-01-13T15:51:59","modified_gmt":"2019-01-13T18:51:59","slug":"dos-delincuentes-aprehendidos-en-infraganti","status":"publish","type":"post","link":"https:\/\/eldiariodesanpedro.com.ar\/sitio\/dos-delincuentes-aprehendidos-en-infraganti\/","title":{"rendered":"Dos delincuentes aprehendidos en infraganti"},"content":{"rendered":"<!-- VideographyWP Plugin Message: Automatic video embedding prevented by plugin options. -->\n\n<p>Este s\u00e1bado se realiz\u00f3 la aprehensi\u00f3n de dos delincuentes que se encontraban en infraganti delito.<\/p>\n\n\n\n<p>Este s\u00e1bado la polic\u00eda de nuestra ciudad alertada por el servicio 911 en r\u00e1pido proceder 22.30 hs en calle Gomendio al 1700, &nbsp;frustro hecho y aprehendido in fraganti delito a dos delincuentes de 43 a\u00f1os y 22 a\u00f1os, con frondosos antecedentes , quienes ingresaran a domicilio tras violentar aberturas fines de robo, sin alcanzar a sustraer elemento alguno. <\/p>\n\n\n\n<p>La vivienda se encuentra en alquiler, sin moradores. Se los investiga para establecer autor\u00eda en hechos con misma modalidad en la zona. <br><\/p>\n","protected":false},"excerpt":{"rendered":"<p>Este s\u00e1bado se realiz\u00f3 la aprehensi\u00f3n de dos delincuentes que se encontraban en infraganti delito. Este s\u00e1bado la polic\u00eda de nuestra ciudad alertada por el servicio 911 en r\u00e1pido proceder 22.30 hs en calle Gomendio al 1700, &nbsp;frustro hecho y aprehendido in fraganti delito a dos delincuentes de 43 a\u00f1os y 22 a\u00f1os, con frondosos [&hellip;]<\/p>\n","protected":false},"author":4,"featured_media":33688,"comment_status":"open","ping_status":"closed","sticky":false,"template":"","format":"standard","meta":{"om_disable_all_campaigns":false,"_jetpack_memberships_contains_paid_content":false,"footnotes":""},"categories":[2,103],"tags":[],"class_list":["post-45895","post","type-post","status-publish","format-standard","has-post-thumbnail","hentry","category-locales","category-policiales-locales"],"aioseo_notices":[],"gutentor_comment":0,"jetpack_featured_media_url":"https:\/\/eldiariodesanpedro.com.ar\/sitio\/wp-content\/uploads\/2018\/05\/detenidos-4.jpg","jetpack_shortlink":"https:\/\/wp.me\/p6RhLt-bWf","jetpack_sharing_enabled":true,"_links":{"self":[{"href":"https:\/\/eldiariodesanpedro.com.ar\/sitio\/wp-json\/wp\/v2\/posts\/45895","targetHints":{"allow":["GET"]}}],"collection":[{"href":"https:\/\/eldiariodesanpedro.com.ar\/sitio\/wp-json\/wp\/v2\/posts"}],"about":[{"href":"https:\/\/eldiariodesanpedro.com.ar\/sitio\/wp-json\/wp\/v2\/types\/post"}],"author":[{"embeddable":true,"href":"https:\/\/eldiariodesanpedro.com.ar\/sitio\/wp-json\/wp\/v2\/users\/4"}],"replies":[{"embeddable":true,"href":"https:\/\/eldiariodesanpedro.com.ar\/sitio\/wp-json\/wp\/v2\/comments?post=45895"}],"version-history":[{"count":1,"href":"https:\/\/eldiariodesanpedro.com.ar\/sitio\/wp-json\/wp\/v2\/posts\/45895\/revisions"}],"predecessor-version":[{"id":45896,"href":"https:\/\/eldiariodesanpedro.com.ar\/sitio\/wp-json\/wp\/v2\/posts\/45895\/revisions\/45896"}],"wp:featuredmedia":[{"embeddable":true,"href":"https:\/\/eldiariodesanpedro.com.ar\/sitio\/wp-json\/wp\/v2\/media\/33688"}],"wp:attachment":[{"href":"https:\/\/eldiariodesanpedro.com.ar\/sitio\/wp-json\/wp\/v2\/media?parent=45895"}],"wp:term":[{"taxonomy":"category","embeddable":true,"href":"https:\/\/eldiariodesanpedro.com.ar\/sitio\/wp-json\/wp\/v2\/categories?post=45895"},{"taxonomy":"post_tag","embeddable":true,"href":"https:\/\/eldiariodesanpedro.com.ar\/sitio\/wp-json\/wp\/v2\/tags?post=45895"}],"curies":[{"name":"wp","href":"https:\/\/api.w.org\/{rel}","templated":true}]}}