{"id":45893,"date":"2019-01-13T15:44:32","date_gmt":"2019-01-13T18:44:32","guid":{"rendered":"https:\/\/eldiariodesanpedro.com.ar\/sitio\/?p=45893"},"modified":"2019-01-13T15:44:40","modified_gmt":"2019-01-13T18:44:40","slug":"un-nino-fallecio-electrocutado-al-manipular-un-ventilador","status":"publish","type":"post","link":"https:\/\/eldiariodesanpedro.com.ar\/sitio\/un-nino-fallecio-electrocutado-al-manipular-un-ventilador\/","title":{"rendered":"Un ni\u00f1o falleci\u00f3 electrocutado al manipular un ventilador"},"content":{"rendered":"<!-- VideographyWP Plugin Message: Automatic video embedding prevented by plugin options. -->\n\n<p>Sucedi\u00f3 sobre la tarde del s\u00e1bado en una vivienda del barrio Banfield. El ni\u00f1o ten\u00eda 3 a\u00f1os y fue identificado como Ian Villanueva. <br><\/p>\n\n\n\n<p>Un tr\u00e1gico accidente dom\u00e9stico se origin\u00f3 sobre la tarde del s\u00e1bado en una vivienda de la calle Brenan al 1000 en el barrio Banfield. <br><\/p>\n\n\n\n<p>Seg\u00fan fuentes oficiales, en ese lugar, un ni\u00f1o de 3 a\u00f1os toc\u00f3 un ventilador y sufri\u00f3 una fuerte descarga el\u00e9ctrica que pr\u00e1cticamente le produjo la muerte en el acto. <br><\/p>\n\n\n\n<p>Ian Villanueva fue trasladado de inmediato a la guardia del Hospital pero lamentablemente arrib\u00f3 sin vida. <br><\/p>\n\n\n\n<p>La causa fue caratulada como muerte por accidente y es instruida por la fiscal\u00eda 5. A la vez se orden\u00f3 a las 22 horas del s\u00e1bado la operaci\u00f3n de autopsia y posteriormente la entrega del cuerpo a sus familiares. <br><\/p>\n\n\n\n<p>Fuente: San Pedro Informa<\/p>\n","protected":false},"excerpt":{"rendered":"<p>Sucedi\u00f3 sobre la tarde del s\u00e1bado en una vivienda del barrio Banfield. El ni\u00f1o ten\u00eda 3 a\u00f1os y fue identificado como Ian Villanueva. Un tr\u00e1gico accidente dom\u00e9stico se origin\u00f3 sobre la tarde del s\u00e1bado en una vivienda de la calle Brenan al 1000 en el barrio Banfield. Seg\u00fan fuentes oficiales, en ese lugar, un ni\u00f1o [&hellip;]<\/p>\n","protected":false},"author":4,"featured_media":25808,"comment_status":"open","ping_status":"closed","sticky":false,"template":"","format":"standard","meta":{"om_disable_all_campaigns":false,"_jetpack_memberships_contains_paid_content":false,"footnotes":""},"categories":[2,103],"tags":[],"class_list":["post-45893","post","type-post","status-publish","format-standard","has-post-thumbnail","hentry","category-locales","category-policiales-locales"],"aioseo_notices":[],"gutentor_comment":0,"jetpack_featured_media_url":"https:\/\/eldiariodesanpedro.com.ar\/sitio\/wp-content\/uploads\/2017\/11\/Los-accidentados-fueron-derivados-a-la-Guardia.jpg","jetpack_shortlink":"https:\/\/wp.me\/p6RhLt-bWd","jetpack_sharing_enabled":true,"_links":{"self":[{"href":"https:\/\/eldiariodesanpedro.com.ar\/sitio\/wp-json\/wp\/v2\/posts\/45893","targetHints":{"allow":["GET"]}}],"collection":[{"href":"https:\/\/eldiariodesanpedro.com.ar\/sitio\/wp-json\/wp\/v2\/posts"}],"about":[{"href":"https:\/\/eldiariodesanpedro.com.ar\/sitio\/wp-json\/wp\/v2\/types\/post"}],"author":[{"embeddable":true,"href":"https:\/\/eldiariodesanpedro.com.ar\/sitio\/wp-json\/wp\/v2\/users\/4"}],"replies":[{"embeddable":true,"href":"https:\/\/eldiariodesanpedro.com.ar\/sitio\/wp-json\/wp\/v2\/comments?post=45893"}],"version-history":[{"count":1,"href":"https:\/\/eldiariodesanpedro.com.ar\/sitio\/wp-json\/wp\/v2\/posts\/45893\/revisions"}],"predecessor-version":[{"id":45894,"href":"https:\/\/eldiariodesanpedro.com.ar\/sitio\/wp-json\/wp\/v2\/posts\/45893\/revisions\/45894"}],"wp:featuredmedia":[{"embeddable":true,"href":"https:\/\/eldiariodesanpedro.com.ar\/sitio\/wp-json\/wp\/v2\/media\/25808"}],"wp:attachment":[{"href":"https:\/\/eldiariodesanpedro.com.ar\/sitio\/wp-json\/wp\/v2\/media?parent=45893"}],"wp:term":[{"taxonomy":"category","embeddable":true,"href":"https:\/\/eldiariodesanpedro.com.ar\/sitio\/wp-json\/wp\/v2\/categories?post=45893"},{"taxonomy":"post_tag","embeddable":true,"href":"https:\/\/eldiariodesanpedro.com.ar\/sitio\/wp-json\/wp\/v2\/tags?post=45893"}],"curies":[{"name":"wp","href":"https:\/\/api.w.org\/{rel}","templated":true}]}}