{"id":45890,"date":"2019-01-13T15:36:13","date_gmt":"2019-01-13T18:36:13","guid":{"rendered":"https:\/\/eldiariodesanpedro.com.ar\/sitio\/?p=45890"},"modified":"2019-01-13T15:36:23","modified_gmt":"2019-01-13T18:36:23","slug":"brutal-asalto-y-golpiza-a-una-mujer-de-82-anos","status":"publish","type":"post","link":"https:\/\/eldiariodesanpedro.com.ar\/sitio\/brutal-asalto-y-golpiza-a-una-mujer-de-82-anos\/","title":{"rendered":"Brutal asalto y golpiza a una mujer de 82 a\u00f1os"},"content":{"rendered":"<!-- VideographyWP Plugin Message: Automatic video embedding prevented by plugin options. -->\n\n<p>Rosa Natividad Torres fue sorprendida por un delincuente que la atac\u00f3\u00a0adentro de su casa y adem\u00e1s de golpearla en reiteradas oportunidades le robo distintas pertenencias. Sucedi\u00f3 en Boulevard Moreno al 1300.\u00a0 <\/p>\n\n\n\n<p>Una mujer de 82 a\u00f1os identificada como\u00a0Rosa Natividad Torres sufri\u00f3 un violento il\u00edcito cuando fue sorprendida por un delincuente que la atac\u00f3 y agredi\u00f3 cobardemente.<\/p>\n\n\n\n<p>El hecho sucedi\u00f3&nbsp;alrededor de las 8.30 horas del s\u00e1bado en una vivienda de la calle Boulevard&nbsp;Moreno al 1300 cuando la mujer se encontraba sola efectuando algunos retoque de pintura sobre el frente de la casa.<\/p>\n\n\n\n<p>En ese momento apareci\u00f3 el malviviente en escena quien primero disimul\u00f3 ser un transe\u00fante hasta que logr\u00f3 ingresar a la vivienda para apoderarse de distintas pertenencias. En el mismo instante ingres\u00f3 a la casa la mujer que fue sorprendida por el ladr\u00f3n quien sin mediar palabras comenz\u00f3 a golpearla sin ning\u00fan tipo de reparos.<\/p>\n\n\n\n<p>La atac\u00f3 y golpe\u00f3 tanto en el rostro, como en los brazos y las piernas, adem\u00e1s la tir\u00f3 tres veces al suelo para volver a golpearla.&nbsp;<\/p>\n\n\n\n<p>Minutos despu\u00e9s, con la mujer sentida sobre el suelo, se apoder\u00f3 de un televisor, unos 3000 pesos y pertenencias menores y huy\u00f3 sin que nadie advierta lo que hab\u00eda sucedido.&nbsp;<\/p>\n\n\n\n<p>La mujer fue asistida en el Hospital&nbsp;local en donde qued\u00f3 internada en observaci\u00f3n, pero en horas de la tarde fue trasladada a la cl\u00ednica privada San Pedro.&nbsp;<\/p>\n\n\n\n<p>La Fiscal\u00eda y Polic\u00eda trabajan sobre lo acontecido para tratar de determinar quien fue el delincuente que protagoniz\u00f3 el violento asalto.\u00a0\u00a0<\/p>\n\n\n\n<p>Fuente: San Pedro Informa<\/p>\n","protected":false},"excerpt":{"rendered":"<p>Rosa Natividad Torres fue sorprendida por un delincuente que la atac\u00f3\u00a0adentro de su casa y adem\u00e1s de golpearla en reiteradas oportunidades le robo distintas pertenencias. Sucedi\u00f3 en Boulevard Moreno al 1300.\u00a0 Una mujer de 82 a\u00f1os identificada como\u00a0Rosa Natividad Torres sufri\u00f3 un violento il\u00edcito cuando fue sorprendida por un delincuente que la atac\u00f3 y agredi\u00f3 [&hellip;]<\/p>\n","protected":false},"author":4,"featured_media":45891,"comment_status":"open","ping_status":"closed","sticky":false,"template":"","format":"standard","meta":{"om_disable_all_campaigns":false,"_jetpack_memberships_contains_paid_content":false,"footnotes":""},"categories":[50,2,103],"tags":[],"class_list":["post-45890","post","type-post","status-publish","format-standard","has-post-thumbnail","hentry","category-destacadas","category-locales","category-policiales-locales"],"aioseo_notices":[],"gutentor_comment":1,"jetpack_featured_media_url":"https:\/\/eldiariodesanpedro.com.ar\/sitio\/wp-content\/uploads\/2019\/01\/PAGINA-3.jpg","jetpack_shortlink":"https:\/\/wp.me\/p6RhLt-bWa","jetpack_sharing_enabled":true,"_links":{"self":[{"href":"https:\/\/eldiariodesanpedro.com.ar\/sitio\/wp-json\/wp\/v2\/posts\/45890","targetHints":{"allow":["GET"]}}],"collection":[{"href":"https:\/\/eldiariodesanpedro.com.ar\/sitio\/wp-json\/wp\/v2\/posts"}],"about":[{"href":"https:\/\/eldiariodesanpedro.com.ar\/sitio\/wp-json\/wp\/v2\/types\/post"}],"author":[{"embeddable":true,"href":"https:\/\/eldiariodesanpedro.com.ar\/sitio\/wp-json\/wp\/v2\/users\/4"}],"replies":[{"embeddable":true,"href":"https:\/\/eldiariodesanpedro.com.ar\/sitio\/wp-json\/wp\/v2\/comments?post=45890"}],"version-history":[{"count":1,"href":"https:\/\/eldiariodesanpedro.com.ar\/sitio\/wp-json\/wp\/v2\/posts\/45890\/revisions"}],"predecessor-version":[{"id":45892,"href":"https:\/\/eldiariodesanpedro.com.ar\/sitio\/wp-json\/wp\/v2\/posts\/45890\/revisions\/45892"}],"wp:featuredmedia":[{"embeddable":true,"href":"https:\/\/eldiariodesanpedro.com.ar\/sitio\/wp-json\/wp\/v2\/media\/45891"}],"wp:attachment":[{"href":"https:\/\/eldiariodesanpedro.com.ar\/sitio\/wp-json\/wp\/v2\/media?parent=45890"}],"wp:term":[{"taxonomy":"category","embeddable":true,"href":"https:\/\/eldiariodesanpedro.com.ar\/sitio\/wp-json\/wp\/v2\/categories?post=45890"},{"taxonomy":"post_tag","embeddable":true,"href":"https:\/\/eldiariodesanpedro.com.ar\/sitio\/wp-json\/wp\/v2\/tags?post=45890"}],"curies":[{"name":"wp","href":"https:\/\/api.w.org\/{rel}","templated":true}]}}