{"id":45887,"date":"2019-01-13T15:29:42","date_gmt":"2019-01-13T18:29:42","guid":{"rendered":"https:\/\/eldiariodesanpedro.com.ar\/sitio\/?p=45887"},"modified":"2019-01-13T15:29:47","modified_gmt":"2019-01-13T18:29:47","slug":"dos-denuncias-por-amenazas-en-conflictos-entre-personas","status":"publish","type":"post","link":"https:\/\/eldiariodesanpedro.com.ar\/sitio\/dos-denuncias-por-amenazas-en-conflictos-entre-personas\/","title":{"rendered":"Dos denuncias por amenazas en conflictos entre personas"},"content":{"rendered":"<!-- VideographyWP Plugin Message: Automatic video embedding prevented by plugin options. -->\n\n<p>Este s\u00e1bado se recibieron dos denuncias de amenazas en la comisar\u00eda local de nuestra ciudad.<\/p>\n\n\n\n<p>En las primeras horas del s\u00e1bado alrededor de las 10:45 hs denunci\u00f3 una femenina de 44 a\u00f1os, que siendo 08:30 hs momento se encontraba en su vivienda calle 24 de Febrero al 600, masculino que se encontraba en pasillo que intercomunican viviendas alquiladas del lugar comenz\u00f3 a insultarla y amenazarla de muerte desconociendo causas.  <\/p>\n\n\n\n<p>Este s\u00e1bado alrededor de las  21.45 hs. denunci\u00f3 una ciudadana de 42 a\u00f1os, que desde hace ya tres semanas est\u00e1 recibiendo amenazas de muerte y hostigamientos de parte de masculino al que conoce, problem\u00e1tica por diferencias laborales. <\/p>\n","protected":false},"excerpt":{"rendered":"<p>Este s\u00e1bado se recibieron dos denuncias de amenazas en la comisar\u00eda local de nuestra ciudad. En las primeras horas del s\u00e1bado alrededor de las 10:45 hs denunci\u00f3 una femenina de 44 a\u00f1os, que siendo 08:30 hs momento se encontraba en su vivienda calle 24 de Febrero al 600, masculino que se encontraba en pasillo que [&hellip;]<\/p>\n","protected":false},"author":4,"featured_media":45394,"comment_status":"open","ping_status":"closed","sticky":false,"template":"","format":"standard","meta":{"om_disable_all_campaigns":false,"_jetpack_memberships_contains_paid_content":false,"footnotes":""},"categories":[2,103],"tags":[],"class_list":["post-45887","post","type-post","status-publish","format-standard","has-post-thumbnail","hentry","category-locales","category-policiales-locales"],"aioseo_notices":[],"gutentor_comment":0,"jetpack_featured_media_url":"https:\/\/eldiariodesanpedro.com.ar\/sitio\/wp-content\/uploads\/2019\/01\/comisaria.jpg","jetpack_shortlink":"https:\/\/wp.me\/p6RhLt-bW7","jetpack_sharing_enabled":true,"_links":{"self":[{"href":"https:\/\/eldiariodesanpedro.com.ar\/sitio\/wp-json\/wp\/v2\/posts\/45887","targetHints":{"allow":["GET"]}}],"collection":[{"href":"https:\/\/eldiariodesanpedro.com.ar\/sitio\/wp-json\/wp\/v2\/posts"}],"about":[{"href":"https:\/\/eldiariodesanpedro.com.ar\/sitio\/wp-json\/wp\/v2\/types\/post"}],"author":[{"embeddable":true,"href":"https:\/\/eldiariodesanpedro.com.ar\/sitio\/wp-json\/wp\/v2\/users\/4"}],"replies":[{"embeddable":true,"href":"https:\/\/eldiariodesanpedro.com.ar\/sitio\/wp-json\/wp\/v2\/comments?post=45887"}],"version-history":[{"count":1,"href":"https:\/\/eldiariodesanpedro.com.ar\/sitio\/wp-json\/wp\/v2\/posts\/45887\/revisions"}],"predecessor-version":[{"id":45888,"href":"https:\/\/eldiariodesanpedro.com.ar\/sitio\/wp-json\/wp\/v2\/posts\/45887\/revisions\/45888"}],"wp:featuredmedia":[{"embeddable":true,"href":"https:\/\/eldiariodesanpedro.com.ar\/sitio\/wp-json\/wp\/v2\/media\/45394"}],"wp:attachment":[{"href":"https:\/\/eldiariodesanpedro.com.ar\/sitio\/wp-json\/wp\/v2\/media?parent=45887"}],"wp:term":[{"taxonomy":"category","embeddable":true,"href":"https:\/\/eldiariodesanpedro.com.ar\/sitio\/wp-json\/wp\/v2\/categories?post=45887"},{"taxonomy":"post_tag","embeddable":true,"href":"https:\/\/eldiariodesanpedro.com.ar\/sitio\/wp-json\/wp\/v2\/tags?post=45887"}],"curies":[{"name":"wp","href":"https:\/\/api.w.org\/{rel}","templated":true}]}}