{"id":45881,"date":"2019-01-12T13:23:28","date_gmt":"2019-01-12T16:23:28","guid":{"rendered":"https:\/\/eldiariodesanpedro.com.ar\/sitio\/?p=45881"},"modified":"2019-01-12T13:23:45","modified_gmt":"2019-01-12T16:23:45","slug":"se-presentaron-cuatro-propuestas-para-construir-el-cec-802-en-depietri","status":"publish","type":"post","link":"https:\/\/eldiariodesanpedro.com.ar\/sitio\/se-presentaron-cuatro-propuestas-para-construir-el-cec-802-en-depietri\/","title":{"rendered":"Se presentaron cuatro propuestas para construir el CEC 802 en Depietri"},"content":{"rendered":"<!-- VideographyWP Plugin Message: Automatic video embedding prevented by plugin options. -->\n\n<p>En el despacho del Intendente Municipal y en una jornada con diferentes actividades relacionadas con proyectos educativos de la regi\u00f3n, se abrieron los sobres con las propuestas entregadas en tiempo y forma, para la licitaci\u00f3n convocada para la construcci\u00f3n del Centro Educativo Complementario 802.\u00a0<\/p>\n\n\n\n<p>En noviembre se hab\u00eda firmado el decreto 0877-2018 a trav\u00e9s del cual se resolvi\u00f3 la afectaci\u00f3n de la suma de $ 12.807.673 provenientes del Fondo de Financiamiento Educativo para esta obra a concretarse en en el predio lindante con el Play\u00f3n de Villa Depietri, de nuevo Centro Educativo Complementario 802.<br><\/p>\n\n\n\n<p>En la apertura el Intendente Cecilio Salazar hizo referencia a la importancia de esta obra encarada desde la administraci\u00f3n municipal y lo hizo acompa\u00f1ado el Diego Taurizano Subsecretario Administrativo de la Direcci\u00f3n General de Cultura quien adem\u00e1s realiz\u00f3 una recorrida por las obras de la Escuela en la ex Cancha de Banfield.<br><\/p>\n\n\n\n<p>El Secretario de Econom\u00eda y Hacienda Dr. Fabi\u00e1n Rodr\u00edguez, el Secretario de Gobierno Silvio Corti y funcionarios de las \u00e1reas contables de la Municipalidad abrieron las cuatro propuestas presentadas, y detallaron los montos solicitados, en presencia de representantes de las empresas oferentes, miembros del Consejo Escolar y del Honorable Concejo Deliberante.<br><\/p>\n\n\n\n<p>A partir de este acto se evaluar\u00e1n las carpetas econ\u00f3micas y t\u00e9cnicas de las ofertas para adjudicar en los pr\u00f3ximos d\u00edas la obra que contempla la construcci\u00f3n de un edificio nuevo con tres aulas y todas las dependencias necesarias para su adecuado funcionamiento incluyendo, tapiales, comedor, direcci\u00f3n, ba\u00f1os, cocina convencional y una cocina especial para cel\u00edacos.\u00a0<br>Cabe recordar que la inclusi\u00f3n de esta iniciativa que, incorporada como una novedad con pocos antecedentes en la Provincia de Buenos Aires, como resultado del trabajo conjunto con la Comisi\u00f3n Municipal de Celiaqu\u00eda que efectu\u00f3 la propuesta para brindar una atenci\u00f3n mejor a quienes requieren de una alimentaci\u00f3n diferenciada.<br><\/p>\n\n\n\n<p>Las ofertas presentadas fueron:N\u00e9stor Flavio Peir\u00f3 $ 11.596.515,00Pesciallo Flores y Compa\u00f1\u00eda $ 14.083.787,03Ingenglob S.A. $ 10.292890,16Pedro Jos\u00e9 Restelli $ 11.141.679,17<br>A partir de esta presentaci\u00f3n se abre la etapa de an\u00e1lisis hasta el anuncio oficial de la adjudicaci\u00f3n para el inicio de la obra.<\/p>\n","protected":false},"excerpt":{"rendered":"<p>En el despacho del Intendente Municipal y en una jornada con diferentes actividades relacionadas con proyectos educativos de la regi\u00f3n, se abrieron los sobres con las propuestas entregadas en tiempo y forma, para la licitaci\u00f3n convocada para la construcci\u00f3n del Centro Educativo Complementario 802.\u00a0 En noviembre se hab\u00eda firmado el decreto 0877-2018 a trav\u00e9s del [&hellip;]<\/p>\n","protected":false},"author":4,"featured_media":45882,"comment_status":"open","ping_status":"closed","sticky":false,"template":"","format":"standard","meta":{"om_disable_all_campaigns":false,"_jetpack_memberships_contains_paid_content":false,"footnotes":""},"categories":[50,101,2],"tags":[],"class_list":["post-45881","post","type-post","status-publish","format-standard","has-post-thumbnail","hentry","category-destacadas","category-interes-general-locales","category-locales"],"aioseo_notices":[],"gutentor_comment":0,"jetpack_featured_media_url":"https:\/\/eldiariodesanpedro.com.ar\/sitio\/wp-content\/uploads\/2019\/01\/BI4A2398.jpg","jetpack_shortlink":"https:\/\/wp.me\/p6RhLt-bW1","jetpack_sharing_enabled":true,"_links":{"self":[{"href":"https:\/\/eldiariodesanpedro.com.ar\/sitio\/wp-json\/wp\/v2\/posts\/45881","targetHints":{"allow":["GET"]}}],"collection":[{"href":"https:\/\/eldiariodesanpedro.com.ar\/sitio\/wp-json\/wp\/v2\/posts"}],"about":[{"href":"https:\/\/eldiariodesanpedro.com.ar\/sitio\/wp-json\/wp\/v2\/types\/post"}],"author":[{"embeddable":true,"href":"https:\/\/eldiariodesanpedro.com.ar\/sitio\/wp-json\/wp\/v2\/users\/4"}],"replies":[{"embeddable":true,"href":"https:\/\/eldiariodesanpedro.com.ar\/sitio\/wp-json\/wp\/v2\/comments?post=45881"}],"version-history":[{"count":1,"href":"https:\/\/eldiariodesanpedro.com.ar\/sitio\/wp-json\/wp\/v2\/posts\/45881\/revisions"}],"predecessor-version":[{"id":45883,"href":"https:\/\/eldiariodesanpedro.com.ar\/sitio\/wp-json\/wp\/v2\/posts\/45881\/revisions\/45883"}],"wp:featuredmedia":[{"embeddable":true,"href":"https:\/\/eldiariodesanpedro.com.ar\/sitio\/wp-json\/wp\/v2\/media\/45882"}],"wp:attachment":[{"href":"https:\/\/eldiariodesanpedro.com.ar\/sitio\/wp-json\/wp\/v2\/media?parent=45881"}],"wp:term":[{"taxonomy":"category","embeddable":true,"href":"https:\/\/eldiariodesanpedro.com.ar\/sitio\/wp-json\/wp\/v2\/categories?post=45881"},{"taxonomy":"post_tag","embeddable":true,"href":"https:\/\/eldiariodesanpedro.com.ar\/sitio\/wp-json\/wp\/v2\/tags?post=45881"}],"curies":[{"name":"wp","href":"https:\/\/api.w.org\/{rel}","templated":true}]}}